{"id":232624,"date":"2022-01-26T19:06:34","date_gmt":"2022-01-26T18:06:34","guid":{"rendered":"https:\/\/zjarr.tv\/?p=232624"},"modified":"2022-01-26T19:06:34","modified_gmt":"2022-01-26T18:06:34","slug":"evi-kokalari-sulmon-ashper-lulzim-bashen","status":"publish","type":"post","link":"https:\/\/zjarr.tv\/sq\/evi-kokalari-sulmon-ashper-lulzim-bashen\/","title":{"rendered":"Evi Kokalari sulmon ashp\u00ebr Lulzim Bash\u00ebn"},"content":{"rendered":"<p>Aktivistja shqiptaro-amerikane, Evi Kokalari nuk i ndahet sulmeve ndaj kryedemokratit Lulzim Basha. P\u00ebrmes nj\u00eb postimi n\u00eb rrjetet sociale, Kokalari shkruan se ka dal\u00eb parashikimi i saj p\u00ebr Bash\u00ebn, q\u00eb sipas saj ai \u00ebsht\u00eb nj\u00eb shtojc\u00eb e PS-s\u00eb.<\/p>\n<p>Postimi i Kokalarit:<\/p>\n<p>\u201cNuk kam nd\u00ebrm\u00ebnd t\u2019ju them q\u00eb ju thash\u00eb p\u00ebr Veliajn, se shum\u00eb e kan\u00eb t\u00eb qart\u00eb, ama kam q\u00eb n\u00eb Maj q\u00eb ju them se PD-ja e Lulzim Bashas ishte nj\u00eb shtojc\u00eb e PS-s\u00eb.<\/p>\n<p>Mbaj m\u00ebnd shum\u00eb nga k\u00ebta kund\u00ebrshtar\u00ebt e pa epur t\u00eb Lulit tashti, m\u00eb sulmuan eg\u00ebr n\u00eb at\u00eb koh\u00eb. Personalisht, thjesht\u00eb kisha pyetje si do i fitonte Luli zgjedhjet e 25 Prillit me nj\u00eb fushat\u00eb aq t\u00eb dob\u00ebt.<\/p>\n<p>N\u00eb at\u00eb koh\u00eb i thashe disa miqve; \u2018ky o \u00ebsht\u00eb budall ose di di\u00e7ka q\u00eb ne nuk e dim\u00eb\u2019. Rezultoj e dyta. T\u00eb pakt\u00ebn tashti s\u2019ka m\u00eb maska dhe nj\u00eb gj\u00eb \u00ebsht\u00eb e qart\u00eb; Shqip\u00ebria udh\u00ebhiqet nga Cosa Nostra!\u201d.<\/p>\n","protected":false},"excerpt":{"rendered":"<p>Aktivistja shqiptaro-amerikane, Evi Kokalari nuk i ndahet sulmeve ndaj kryedemokratit Lulzim Basha. P\u00ebrmes nj\u00eb postimi n\u00eb rrjetet sociale, Kokalari shkruan se ka dal\u00eb parashikimi i saj p\u00ebr Bash\u00ebn, q\u00eb sipas saj ai \u00ebsht\u00eb nj\u00eb shtojc\u00eb e PS-s\u00eb. Postimi i Kokalarit: \u201cNuk kam nd\u00ebrm\u00ebnd t\u2019ju them q\u00eb ju thash\u00eb p\u00ebr Veliajn, se shum\u00eb e kan\u00eb t\u00eb [&hellip;]<\/p>\n","protected":false},"author":2030,"featured_media":184782,"comment_status":"closed","ping_status":"closed","sticky":false,"template":"","format":"standard","meta":{"footnotes":""},"categories":[241,3366,1454],"tags":[],"class_list":{"0":"post-232624","1":"post","2":"type-post","3":"status-publish","4":"format-standard","5":"has-post-thumbnail","7":"category-aktualitet","8":"category-koment","9":"category-politike"},"_links":{"self":[{"href":"https:\/\/zjarr.tv\/sq\/wp-json\/wp\/v2\/posts\/232624","targetHints":{"allow":["GET"]}}],"collection":[{"href":"https:\/\/zjarr.tv\/sq\/wp-json\/wp\/v2\/posts"}],"about":[{"href":"https:\/\/zjarr.tv\/sq\/wp-json\/wp\/v2\/types\/post"}],"author":[{"embeddable":true,"href":"https:\/\/zjarr.tv\/sq\/wp-json\/wp\/v2\/users\/2030"}],"replies":[{"embeddable":true,"href":"https:\/\/zjarr.tv\/sq\/wp-json\/wp\/v2\/comments?post=232624"}],"version-history":[{"count":0,"href":"https:\/\/zjarr.tv\/sq\/wp-json\/wp\/v2\/posts\/232624\/revisions"}],"wp:featuredmedia":[{"embeddable":true,"href":"https:\/\/zjarr.tv\/sq\/wp-json\/wp\/v2\/media\/184782"}],"wp:attachment":[{"href":"https:\/\/zjarr.tv\/sq\/wp-json\/wp\/v2\/media?parent=232624"}],"wp:term":[{"taxonomy":"category","embeddable":true,"href":"https:\/\/zjarr.tv\/sq\/wp-json\/wp\/v2\/categories?post=232624"},{"taxonomy":"post_tag","embeddable":true,"href":"https:\/\/zjarr.tv\/sq\/wp-json\/wp\/v2\/tags?post=232624"}],"curies":[{"name":"wp","href":"https:\/\/api.w.org\/{rel}","templated":true}]}}