{"id":232635,"date":"2022-01-26T19:14:48","date_gmt":"2022-01-26T18:14:48","guid":{"rendered":"https:\/\/zjarr.tv\/?p=232635"},"modified":"2022-01-26T19:14:48","modified_gmt":"2022-01-26T18:14:48","slug":"shperthen-kreshnik-spahiu-pse-nuk-e-kujtoi-askush-nga-ju-ne-qeveri-ose-opozite","status":"publish","type":"post","link":"https:\/\/zjarr.tv\/sq\/shperthen-kreshnik-spahiu-pse-nuk-e-kujtoi-askush-nga-ju-ne-qeveri-ose-opozite\/","title":{"rendered":"Shp\u00ebrthen Kreshnik Spahiu: Pse nuk e kujtoi askush nga ju n\u00eb qeveri ose opozit\u00eb?"},"content":{"rendered":"<p>Dje u b\u00ebn\u00eb 103 vjet nga vdekja e atit t\u00eb Pavar\u00ebsis\u00eb s\u00eb Shqip\u00ebris\u00eb, shqiptarit t\u00eb madh Ismail Qemali. Ish-kreu i Aleanc\u00ebs Kuq e Zi, Kreshnik Spahiu shkruan i revoltuar se askush nuk e kujtoi nga qeveria apo opozita k\u00ebt\u00eb dat\u00eb.<\/p>\n<p>Spahiu shprehet se \u201c5 heronj kemi dhe as dit\u00ebn e vdekjes nuk ja u dini\u201d.<\/p>\n<p>Postimi i Spahiut:<\/p>\n<p>\u201cDje ishte p\u00ebrvjetori vdekjes Ismail Qemalit. Pse nuk e kujtoi askush nga ju n\u00eb Facebook apo ata n\u00eb qeveri ose opozit\u00eb\u2026 ? Apo vet\u00ebm kur vjen Erdogan, Vu\u00e7i\u00e7, apo Mi\u00e7otaqis kujtoheni ju, ashtu si\u00e7 b\u00ebt\u00eb jav\u00ebn e kaluar me Sk\u00ebnderbeun..? Ju dhjefshaaaaa patriotizmin.<\/p>\n<p>5 heronj kemi dhe as dit\u00ebn e vdekjes nuk ja u dini.\u201d, ka shkruar ai.<\/p>\n","protected":false},"excerpt":{"rendered":"<p>Dje u b\u00ebn\u00eb 103 vjet nga vdekja e atit t\u00eb Pavar\u00ebsis\u00eb s\u00eb Shqip\u00ebris\u00eb, shqiptarit t\u00eb madh Ismail Qemali. Ish-kreu i Aleanc\u00ebs Kuq e Zi, Kreshnik Spahiu shkruan i revoltuar se askush nuk e kujtoi nga qeveria apo opozita k\u00ebt\u00eb dat\u00eb. Spahiu shprehet se \u201c5 heronj kemi dhe as dit\u00ebn e vdekjes nuk ja u dini\u201d. [&hellip;]<\/p>\n","protected":false},"author":2030,"featured_media":188396,"comment_status":"closed","ping_status":"closed","sticky":false,"template":"","format":"standard","meta":{"footnotes":""},"categories":[241,3366,1454],"tags":[],"class_list":{"0":"post-232635","1":"post","2":"type-post","3":"status-publish","4":"format-standard","5":"has-post-thumbnail","7":"category-aktualitet","8":"category-koment","9":"category-politike"},"_links":{"self":[{"href":"https:\/\/zjarr.tv\/sq\/wp-json\/wp\/v2\/posts\/232635","targetHints":{"allow":["GET"]}}],"collection":[{"href":"https:\/\/zjarr.tv\/sq\/wp-json\/wp\/v2\/posts"}],"about":[{"href":"https:\/\/zjarr.tv\/sq\/wp-json\/wp\/v2\/types\/post"}],"author":[{"embeddable":true,"href":"https:\/\/zjarr.tv\/sq\/wp-json\/wp\/v2\/users\/2030"}],"replies":[{"embeddable":true,"href":"https:\/\/zjarr.tv\/sq\/wp-json\/wp\/v2\/comments?post=232635"}],"version-history":[{"count":0,"href":"https:\/\/zjarr.tv\/sq\/wp-json\/wp\/v2\/posts\/232635\/revisions"}],"wp:featuredmedia":[{"embeddable":true,"href":"https:\/\/zjarr.tv\/sq\/wp-json\/wp\/v2\/media\/188396"}],"wp:attachment":[{"href":"https:\/\/zjarr.tv\/sq\/wp-json\/wp\/v2\/media?parent=232635"}],"wp:term":[{"taxonomy":"category","embeddable":true,"href":"https:\/\/zjarr.tv\/sq\/wp-json\/wp\/v2\/categories?post=232635"},{"taxonomy":"post_tag","embeddable":true,"href":"https:\/\/zjarr.tv\/sq\/wp-json\/wp\/v2\/tags?post=232635"}],"curies":[{"name":"wp","href":"https:\/\/api.w.org\/{rel}","templated":true}]}}