{"id":232762,"date":"2022-01-27T13:42:33","date_gmt":"2022-01-27T12:42:33","guid":{"rendered":"https:\/\/zjarr.tv\/?p=232762"},"modified":"2022-01-27T13:42:33","modified_gmt":"2022-01-27T12:42:33","slug":"paloka-balla-mori-ne-mbrojtje-bashen-pasi-berisha-e-perzuri-nga-kuvendi","status":"publish","type":"post","link":"https:\/\/zjarr.tv\/sq\/paloka-balla-mori-ne-mbrojtje-bashen-pasi-berisha-e-perzuri-nga-kuvendi\/","title":{"rendered":"Paloka: Balla mori n\u00eb mbrojtje Bash\u00ebn pasi Berisha e p\u00ebrzuri nga Kuvendi"},"content":{"rendered":"<p>Lideri historik i demokrat\u00ebve, Sali Berisha u rikthye n\u00eb Kuvend pas disa muajsh.<\/p>\n<p>Nd\u00ebrkoh\u00eb deputeti Lulzim Basha u largua nga salla fshehurazi. Berisha b\u00ebri disa denoncime t\u00eb forta n\u00eb Kuvend.<\/p>\n<p>Nd\u00ebrkoh\u00eb Edi Paloka tha se Bash\u00ebn e mori n\u00eb mbrojtje Taulant Balla.\u201cSot Berisha \u201cp\u00ebrzuri\u201d Bash\u00ebn nga Parlamenti!<\/p>\n<p>Sidoqoft\u00eb n\u00eb sall\u00ebn e Parlamentit kishte kush jepte p\u00ebrgjigje ne em\u00ebr t\u00eb Bash\u00ebs; ashtu si seanc\u00ebn e kaluar, Bash\u00ebn e mori n\u00eb mbrojtje Taulanti, m\u00ebk\u00ebmb\u00ebsi i Ram\u00ebs n\u00eb Parlament!\u201d shkruan Paloka.<\/p>\n","protected":false},"excerpt":{"rendered":"<p>Lideri historik i demokrat\u00ebve, Sali Berisha u rikthye n\u00eb Kuvend pas disa muajsh. Nd\u00ebrkoh\u00eb deputeti Lulzim Basha u largua nga salla fshehurazi. Berisha b\u00ebri disa denoncime t\u00eb forta n\u00eb Kuvend. Nd\u00ebrkoh\u00eb Edi Paloka tha se Bash\u00ebn e mori n\u00eb mbrojtje Taulant Balla.\u201cSot Berisha \u201cp\u00ebrzuri\u201d Bash\u00ebn nga Parlamenti! Sidoqoft\u00eb n\u00eb sall\u00ebn e Parlamentit kishte kush jepte [&hellip;]<\/p>\n","protected":false},"author":2020,"featured_media":232763,"comment_status":"closed","ping_status":"closed","sticky":false,"template":"","format":"standard","meta":{"footnotes":""},"categories":[241,5380,231],"tags":[],"class_list":{"0":"post-232762","1":"post","2":"type-post","3":"status-publish","4":"format-standard","5":"has-post-thumbnail","7":"category-aktualitet","8":"category-kryesore","9":"category-lajme"},"_links":{"self":[{"href":"https:\/\/zjarr.tv\/sq\/wp-json\/wp\/v2\/posts\/232762","targetHints":{"allow":["GET"]}}],"collection":[{"href":"https:\/\/zjarr.tv\/sq\/wp-json\/wp\/v2\/posts"}],"about":[{"href":"https:\/\/zjarr.tv\/sq\/wp-json\/wp\/v2\/types\/post"}],"author":[{"embeddable":true,"href":"https:\/\/zjarr.tv\/sq\/wp-json\/wp\/v2\/users\/2020"}],"replies":[{"embeddable":true,"href":"https:\/\/zjarr.tv\/sq\/wp-json\/wp\/v2\/comments?post=232762"}],"version-history":[{"count":0,"href":"https:\/\/zjarr.tv\/sq\/wp-json\/wp\/v2\/posts\/232762\/revisions"}],"wp:featuredmedia":[{"embeddable":true,"href":"https:\/\/zjarr.tv\/sq\/wp-json\/wp\/v2\/media\/232763"}],"wp:attachment":[{"href":"https:\/\/zjarr.tv\/sq\/wp-json\/wp\/v2\/media?parent=232762"}],"wp:term":[{"taxonomy":"category","embeddable":true,"href":"https:\/\/zjarr.tv\/sq\/wp-json\/wp\/v2\/categories?post=232762"},{"taxonomy":"post_tag","embeddable":true,"href":"https:\/\/zjarr.tv\/sq\/wp-json\/wp\/v2\/tags?post=232762"}],"curies":[{"name":"wp","href":"https:\/\/api.w.org\/{rel}","templated":true}]}}