{"id":232785,"date":"2022-01-27T14:49:07","date_gmt":"2022-01-27T13:49:07","guid":{"rendered":"https:\/\/zjarr.tv\/?p=232785"},"modified":"2022-01-27T14:49:07","modified_gmt":"2022-01-27T13:49:07","slug":"big-brother-politik-grida-duma-per-sali-berishen-cohet-pa-asnje-nderim-me-i-vjetri-nder-nesh-dhe-ju-shkelqenit-sepse-shikonit-sesi-ne-mundim-vetveten","status":"publish","type":"post","link":"https:\/\/zjarr.tv\/sq\/big-brother-politik-grida-duma-per-sali-berishen-cohet-pa-asnje-nderim-me-i-vjetri-nder-nesh-dhe-ju-shkelqenit-sepse-shikonit-sesi-ne-mundim-vetveten\/","title":{"rendered":"\u201cBig Brother politik\u201d\/ Grida Duma p\u00ebr Sali Berish\u00ebn: \u00c7ohet pa asnj\u00eb nderim m\u00eb i vjetri nd\u00ebr nesh dhe\u2026 Ju shk\u00eblqenit sepse shikonit sesi ne mundim vetveten"},"content":{"rendered":"<p>Deputetja e Partis\u00eb Demokratike, Grida Duma n\u00eb foltoren e Parlamentit reagoi ndaj Sali Berish\u00ebs, duke th\u00ebn\u00eb se u ngrit pa asnj\u00eb nderim p\u00ebr t\u00eb b\u00ebr\u00eb t\u00eb pamundur opozitarizimin.<\/p>\n<p>Teksa iu drejtua qeverise, Duma u shpreh se Partia Demokratike nuk \u00ebsht\u00eb mundur nga PS, por \u00ebsht\u00eb mundur nga vetja. Sipas saj, ndersa Berisha mbante fjalimin ne Parlament fytyrat e p\u00ebrfaq\u00ebsuesve t\u00eb mazhoranc\u00ebs shk\u00eblqenin.<\/p>\n<p>Kjo klas\u00eb politike, u shpreh Duma, e ka humbur moralin dhe mund\u00ebsin\u00eb q\u00eb ti jap\u00eb shqiptar\u00ebve mir\u00ebqenien q\u00eb e meritojn\u00eb.<\/p>\n<p>\u201cJemi sot si\u00e7 kemi qen\u00eb prej koh\u00ebsh p\u00ebrball\u00eb nj\u00ebri tjetrit duke mashtruar secili m\u00eb shum\u00eb tjetrin. Hipokrizi, big brother politik kudo dhe d\u00ebgjoj ministret tuaja q\u00eb drejtohen nga ne dhe thon\u00eb ju kemi mundur 3 here. Ne nuk na kemi mundur ne, dhe ne nuk jemi mundur nga ju. Un\u00eb jua them nga kush jemi mundur ne. Ju keni mundur nj\u00eb gje, t\u00eb drejt\u00ebn e shqiptar\u00ebve p\u00ebr mir\u00ebqeverisje. Q\u00eb nuk thuhen t\u00eb v\u00ebrtetat m\u00eb ju e konsideroni mafiozllik politik dhe se jemi t\u00eb men\u00e7ur se ja fusni t\u00eb gjith\u00ebve.<\/p>\n<p>Un\u00eb do ta filloj nga t\u00eb v\u00ebrtetat tona. Po, ne jemi mundur, por jo\u00a0 nga ju, por nga vetvetja. Ne po na mund vetja dhe jo ju. Shikoj k\u00ebtu q\u00eb \u00e7ohet m\u00eb i vjetri nd\u00ebr nesh q\u00eb jemi p\u00ebrpjekur ta nderojm\u00eb, pa asnj\u00eb nderim \u00e7ohet dhe thot\u00eb gjith\u00e7ka \u00ebsht\u00eb e mundur p\u00ebr t\u00eb b\u00ebr\u00eb t\u00eb pamundur opozitarizmi, nd\u00ebrsa ju shikoja ju me portrete ai fliste, juve shk\u00eblqenit sepse shikonit sesi ne mundim vetveten. Kjo \u00ebsht\u00eb ajo q\u00eb po ndodh.<\/p>\n<p>Nj\u00eb gj\u00eb \u00ebsht\u00eb e sigurt, t\u00eb thuash t\u00eb v\u00ebrtet\u00ebn \u00ebsht\u00eb forc\u00eb, t\u00eb fshihesh pas t\u00eb v\u00ebrtetave t\u00eb tjetrit \u00ebsht\u00eb dob\u00ebsi, t\u00eb mos thuash kurr\u00eb t\u00eb v\u00ebrteten t\u00ebnde \u00ebsht\u00eb dob\u00ebsi. Kjo klas\u00eb politike ka humbur moralin dhe mund\u00ebsin\u00eb q\u00eb ti jap\u00eb shqiptar\u00ebve mir\u00ebqenien q\u00eb e meritojn\u00eb. Ajo q\u00eb b\u00ebni ju me fondet IPA dhe me vet\u00eb sjelljen ndaj BE ju thoni mashtrimet e mundshme, s\u2019ka gje ne na lusin po nuk na fut\u00ebt.<\/p>\n<p>Me \u00e7far\u00eb doni t\u00eb mundni ju? Kush \u00ebsht\u00eb \u00e7\u00ebshtja k\u00ebtu? \u00c7\u00ebshtja \u00ebsht\u00eb k\u00eb mund k\u00eb n\u00eb politik\u00eb? K\u00eb mb\u00ebshtet k\u00eb, kush ja fut kujt n\u00eb politik\u00eb. Se thoni s\u2019ka problem se ne nuk futemi n\u00eb Evrop\u00eb se na lusin. E vetmja gj\u00eb q\u00eb lusni ju \u00ebsht\u00eb borxhi\u201d, u shpreh nder te tjera Duma.<\/p>\n","protected":false},"excerpt":{"rendered":"<p>Deputetja e Partis\u00eb Demokratike, Grida Duma n\u00eb foltoren e Parlamentit reagoi ndaj Sali Berish\u00ebs, duke th\u00ebn\u00eb se u ngrit pa asnj\u00eb nderim p\u00ebr t\u00eb b\u00ebr\u00eb t\u00eb pamundur opozitarizimin. Teksa iu drejtua qeverise, Duma u shpreh se Partia Demokratike nuk \u00ebsht\u00eb mundur nga PS, por \u00ebsht\u00eb mundur nga vetja. Sipas saj, ndersa Berisha mbante fjalimin ne [&hellip;]<\/p>\n","protected":false},"author":2030,"featured_media":232786,"comment_status":"closed","ping_status":"closed","sticky":false,"template":"","format":"standard","meta":{"footnotes":""},"categories":[241,3366,231,1454],"tags":[],"class_list":{"0":"post-232785","1":"post","2":"type-post","3":"status-publish","4":"format-standard","5":"has-post-thumbnail","7":"category-aktualitet","8":"category-koment","9":"category-lajme","10":"category-politike"},"_links":{"self":[{"href":"https:\/\/zjarr.tv\/sq\/wp-json\/wp\/v2\/posts\/232785","targetHints":{"allow":["GET"]}}],"collection":[{"href":"https:\/\/zjarr.tv\/sq\/wp-json\/wp\/v2\/posts"}],"about":[{"href":"https:\/\/zjarr.tv\/sq\/wp-json\/wp\/v2\/types\/post"}],"author":[{"embeddable":true,"href":"https:\/\/zjarr.tv\/sq\/wp-json\/wp\/v2\/users\/2030"}],"replies":[{"embeddable":true,"href":"https:\/\/zjarr.tv\/sq\/wp-json\/wp\/v2\/comments?post=232785"}],"version-history":[{"count":0,"href":"https:\/\/zjarr.tv\/sq\/wp-json\/wp\/v2\/posts\/232785\/revisions"}],"wp:featuredmedia":[{"embeddable":true,"href":"https:\/\/zjarr.tv\/sq\/wp-json\/wp\/v2\/media\/232786"}],"wp:attachment":[{"href":"https:\/\/zjarr.tv\/sq\/wp-json\/wp\/v2\/media?parent=232785"}],"wp:term":[{"taxonomy":"category","embeddable":true,"href":"https:\/\/zjarr.tv\/sq\/wp-json\/wp\/v2\/categories?post=232785"},{"taxonomy":"post_tag","embeddable":true,"href":"https:\/\/zjarr.tv\/sq\/wp-json\/wp\/v2\/tags?post=232785"}],"curies":[{"name":"wp","href":"https:\/\/api.w.org\/{rel}","templated":true}]}}