{"id":232804,"date":"2022-01-27T16:41:29","date_gmt":"2022-01-27T15:41:29","guid":{"rendered":"https:\/\/zjarr.tv\/?p=232804"},"modified":"2022-01-27T16:41:29","modified_gmt":"2022-01-27T15:41:29","slug":"ky-eshte-nje-turp-i-madh-dashamir-shehi-flet-nga-kuvendi-kjo-me-tremb-mua","status":"publish","type":"post","link":"https:\/\/zjarr.tv\/sq\/ky-eshte-nje-turp-i-madh-dashamir-shehi-flet-nga-kuvendi-kjo-me-tremb-mua\/","title":{"rendered":"\u201cKy \u00ebsht\u00eb nj\u00eb turp i madh\u201d, Dashamir Shehi flet nga Kuvendi: Kjo m\u00eb tremb mua&#8230;"},"content":{"rendered":"<p>Kreu i LZHK, Dashamir Shehi ka folur n\u00eb Kuvend p\u00ebr p\u00ebrplasjen e kryebashkiakut t\u00eb Tiran\u00ebs, Erion Veliaj me presidentin e Federat\u00ebs Shqiptare t\u00eb Futbollit, Armand Duk\u00ebn.<\/p>\n<p>Shehi tha se i ka b\u00ebr\u00eb \u00e7udi q\u00eb kaq r\u00ebnd\u00ebsi paska topi n\u00eb Shqip\u00ebri q\u00eb b\u00ebhet kaq zhurm\u00eb.<\/p>\n<p>\u201c\u00cbsht\u00eb nj\u00eb sherr pafund, por i pajustifikuar dhe moral brenda. Nuk \u00ebsht\u00eb puna a \u00ebsht\u00eb burr\u00eb i mir\u00eb apo i keq ai te federata. Por n\u00ebse duhet hequr gjenden format dh m\u00ebnyrat p\u00ebr t\u00eb larguar nj\u00eb nga posti.<\/p>\n<p>Me at\u00eb gjuh\u00eb q\u00eb p\u00ebrdor ai kryetari i bashkis\u00eb, \u00ebsht\u00eb gjuha p\u00ebr ti dh\u00ebn\u00eb krah dhun\u00ebs, agresiviteti, injoranc\u00ebs. Ky \u00ebsht\u00eb nj\u00eb turp i madh. Kaq r\u00ebnd\u00ebsi paska topi n\u00eb Shqip\u00ebri q\u00eb b\u00ebhet kaq zhurm\u00eb. M\u00eb lind me t\u00eb drejt\u00eb dyshimi, kur p\u00ebr nj\u00eb federat\u00eb si kjo e Shqip\u00ebris\u00eb b\u00ebhet gjith\u00eb kjo hata imagjino \u00e7\u2019t\u00eb b\u00ebni ju p\u00ebr zgjedhjet. Kjo m\u00eb tremb mua. Do doja t\u00eb reflektoni p\u00ebr k\u00ebt\u00eb fenomen. Kjo sall\u00eb \u00ebsht\u00eb p\u00ebrdorur me t\u00eb gjitha fjal\u00ebt e k\u00ebqija p\u00ebr politik\u00ebn e madhe. \u00c7far\u00eb do b\u00ebhet p\u00ebr zgjedhjet q\u00eb jan\u00eb pa asnj\u00eb muaji, apo p\u00ebr t\u00eb tjerat\u201d, deklaroi Shehi.<\/p>\n","protected":false},"excerpt":{"rendered":"<p>Kreu i LZHK, Dashamir Shehi ka folur n\u00eb Kuvend p\u00ebr p\u00ebrplasjen e kryebashkiakut t\u00eb Tiran\u00ebs, Erion Veliaj me presidentin e Federat\u00ebs Shqiptare t\u00eb Futbollit, Armand Duk\u00ebn. Shehi tha se i ka b\u00ebr\u00eb \u00e7udi q\u00eb kaq r\u00ebnd\u00ebsi paska topi n\u00eb Shqip\u00ebri q\u00eb b\u00ebhet kaq zhurm\u00eb. \u201c\u00cbsht\u00eb nj\u00eb sherr pafund, por i pajustifikuar dhe moral brenda. Nuk [&hellip;]<\/p>\n","protected":false},"author":2030,"featured_media":232805,"comment_status":"closed","ping_status":"closed","sticky":false,"template":"","format":"standard","meta":{"footnotes":""},"categories":[241,3366,231,1454],"tags":[],"class_list":{"0":"post-232804","1":"post","2":"type-post","3":"status-publish","4":"format-standard","5":"has-post-thumbnail","7":"category-aktualitet","8":"category-koment","9":"category-lajme","10":"category-politike"},"_links":{"self":[{"href":"https:\/\/zjarr.tv\/sq\/wp-json\/wp\/v2\/posts\/232804","targetHints":{"allow":["GET"]}}],"collection":[{"href":"https:\/\/zjarr.tv\/sq\/wp-json\/wp\/v2\/posts"}],"about":[{"href":"https:\/\/zjarr.tv\/sq\/wp-json\/wp\/v2\/types\/post"}],"author":[{"embeddable":true,"href":"https:\/\/zjarr.tv\/sq\/wp-json\/wp\/v2\/users\/2030"}],"replies":[{"embeddable":true,"href":"https:\/\/zjarr.tv\/sq\/wp-json\/wp\/v2\/comments?post=232804"}],"version-history":[{"count":0,"href":"https:\/\/zjarr.tv\/sq\/wp-json\/wp\/v2\/posts\/232804\/revisions"}],"wp:featuredmedia":[{"embeddable":true,"href":"https:\/\/zjarr.tv\/sq\/wp-json\/wp\/v2\/media\/232805"}],"wp:attachment":[{"href":"https:\/\/zjarr.tv\/sq\/wp-json\/wp\/v2\/media?parent=232804"}],"wp:term":[{"taxonomy":"category","embeddable":true,"href":"https:\/\/zjarr.tv\/sq\/wp-json\/wp\/v2\/categories?post=232804"},{"taxonomy":"post_tag","embeddable":true,"href":"https:\/\/zjarr.tv\/sq\/wp-json\/wp\/v2\/tags?post=232804"}],"curies":[{"name":"wp","href":"https:\/\/api.w.org\/{rel}","templated":true}]}}