{"id":232834,"date":"2022-01-27T17:58:59","date_gmt":"2022-01-27T16:58:59","guid":{"rendered":"https:\/\/zjarr.tv\/?p=232834"},"modified":"2022-01-27T17:58:59","modified_gmt":"2022-01-27T16:58:59","slug":"zgjedhjet-e-pjesshme-dhe-protestat-reagimi-i-forte-i-nishanit","status":"publish","type":"post","link":"https:\/\/zjarr.tv\/sq\/zgjedhjet-e-pjesshme-dhe-protestat-reagimi-i-forte-i-nishanit\/","title":{"rendered":"Zgjedhjet e pjesshme dhe protestat\/ Reagimi i fort\u00eb i Nishanit"},"content":{"rendered":"<p>Ish presidenti Bujar Nishani ka komentuar zhvillimet e fundit politike, si dhe zgjedhjet e pjesshme vendore q\u00eb do mbahen n\u00eb 6 mars.<\/p>\n<p>N\u00eb nj\u00eb intervist\u00eb p\u00ebr Klan News, Nishani u shpreh se kandidat\u00ebt e vet\u00ebm t\u00eb PD p\u00ebr zgjedhjet lokale t\u00eb pjessshme do t\u00eb jen\u00eb vet\u00ebm ata q\u00eb do t\u00eb dalin nga primaret, nd\u00ebrsa shton se kan\u00eb nisur negociatat me aleat\u00ebt q\u00eb n\u00eb zgjedhje t\u00eb futen si nj\u00eb front i gjer\u00eb opozitar.<\/p>\n<p>\u201cNe e kemi deklaruar si vendim q\u00eb nuk ka kthim pas, nuk ka tjet\u00ebrsim. Do t\u00eb p\u00ebrfaq\u00ebsohemi me kandidat\u00ebt q\u00eb dalin nga procesi i primareve. PD e drejtuar nga Komisioni i Rithemelimit prej koh\u00ebsh po angazhohet p\u00ebr t\u00eb menaxhuar nj\u00eb frym\u00eb t\u00eb gjer\u00eb opozitare q\u00eb \u00ebsht\u00eb n\u00eb vend\u201d, tha Nishani.<\/p>\n<p>Ish presidenti, m\u00eb tej shton se prej disa koh\u00ebsh ka nj\u00eb aleanc\u00eb mes Ram\u00ebs dhe Bash\u00ebs, nd\u00ebrsa nuk p\u00ebrjashton as rikthimin e prot\u00ebstave pas dat\u00ebs 6 mars.<\/p>\n<p>\u201cKa nj\u00eb aleanc\u00eb prej koh\u00ebsh t\u00eb madhe midis zotit Rama dhe zotit Basha, pra jan\u00eb nj\u00eb, pavar\u00ebsisht se mund t\u00eb dalim me nj\u00eb, dy apo tre kandidat\u00eb \u00ebsht\u00eb \u00e7\u00ebshtje e tyre. Jam besimplot\u00eb q\u00eb zhvillimet politike pas zgjedhjeve t\u00eb 6 Marsit do t\u00eb jen\u00eb shum\u00eb interesante t\u00eb cilat nuk kan\u00eb alternativ\u00eb tjet\u00ebr p\u00ebrev\u00e7se t\u00eb reflektojn\u00eb vullnetin e qytetar\u00ebve shqiptar\u00eb. Dhe protestat, n\u00eb k\u00ebt\u00eb situat\u00eb dhe ambient t\u00eb madh krize shum\u00ebdimesionale jan\u00eb normae q\u00eb do t\u00eb vijn\u00eb dhe do t\u00eb shfaqen\u201d, deklaroi Nishani.<\/p>\n<p>Ish-presidenti deklaron se organizimi i PD p\u00ebr zgjedhjet e pjessshme do t\u00eb b\u00ebhen nga Komisioni i Rithemelimit, pasi sipas tij, Basha dhe lidershipi i PD \u00ebsht\u00eb i shkarkuar.<\/p>\n","protected":false},"excerpt":{"rendered":"<p>Ish presidenti Bujar Nishani ka komentuar zhvillimet e fundit politike, si dhe zgjedhjet e pjesshme vendore q\u00eb do mbahen n\u00eb 6 mars. N\u00eb nj\u00eb intervist\u00eb p\u00ebr Klan News, Nishani u shpreh se kandidat\u00ebt e vet\u00ebm t\u00eb PD p\u00ebr zgjedhjet lokale t\u00eb pjessshme do t\u00eb jen\u00eb vet\u00ebm ata q\u00eb do t\u00eb dalin nga primaret, nd\u00ebrsa shton [&hellip;]<\/p>\n","protected":false},"author":2030,"featured_media":232835,"comment_status":"closed","ping_status":"closed","sticky":false,"template":"","format":"standard","meta":{"footnotes":""},"categories":[241,3366,231,1454],"tags":[],"class_list":{"0":"post-232834","1":"post","2":"type-post","3":"status-publish","4":"format-standard","5":"has-post-thumbnail","7":"category-aktualitet","8":"category-koment","9":"category-lajme","10":"category-politike"},"_links":{"self":[{"href":"https:\/\/zjarr.tv\/sq\/wp-json\/wp\/v2\/posts\/232834","targetHints":{"allow":["GET"]}}],"collection":[{"href":"https:\/\/zjarr.tv\/sq\/wp-json\/wp\/v2\/posts"}],"about":[{"href":"https:\/\/zjarr.tv\/sq\/wp-json\/wp\/v2\/types\/post"}],"author":[{"embeddable":true,"href":"https:\/\/zjarr.tv\/sq\/wp-json\/wp\/v2\/users\/2030"}],"replies":[{"embeddable":true,"href":"https:\/\/zjarr.tv\/sq\/wp-json\/wp\/v2\/comments?post=232834"}],"version-history":[{"count":0,"href":"https:\/\/zjarr.tv\/sq\/wp-json\/wp\/v2\/posts\/232834\/revisions"}],"wp:featuredmedia":[{"embeddable":true,"href":"https:\/\/zjarr.tv\/sq\/wp-json\/wp\/v2\/media\/232835"}],"wp:attachment":[{"href":"https:\/\/zjarr.tv\/sq\/wp-json\/wp\/v2\/media?parent=232834"}],"wp:term":[{"taxonomy":"category","embeddable":true,"href":"https:\/\/zjarr.tv\/sq\/wp-json\/wp\/v2\/categories?post=232834"},{"taxonomy":"post_tag","embeddable":true,"href":"https:\/\/zjarr.tv\/sq\/wp-json\/wp\/v2\/tags?post=232834"}],"curies":[{"name":"wp","href":"https:\/\/api.w.org\/{rel}","templated":true}]}}