{"id":232843,"date":"2022-01-27T18:10:03","date_gmt":"2022-01-27T17:10:03","guid":{"rendered":"https:\/\/zjarr.tv\/?p=232843"},"modified":"2022-01-27T18:10:03","modified_gmt":"2022-01-27T17:10:03","slug":"rama-emeron-endri-fugen-ne-krye-te-ministrise-se-propagandes","status":"publish","type":"post","link":"https:\/\/zjarr.tv\/sq\/rama-emeron-endri-fugen-ne-krye-te-ministrise-se-propagandes\/","title":{"rendered":"Rama em\u00ebron Endri Fug\u00ebn n\u00eb krye t\u00eb \u201cMinistris\u00eb s\u00eb Propagand\u00ebs\u201d"},"content":{"rendered":"<p>N\u00eb nj\u00eb urdh\u00ebr ekzekutiv nj\u00eb dit\u00eb pas vendimit t\u00eb qeveris\u00eb p\u00ebr krijimin e Agjencis\u00eb p\u00ebr Media dhe Informim, Kryeministri ka firmosur em\u00ebrimin n\u00eb krye t\u00eb saj t\u00eb Endri Fug\u00ebs, i cili ka mbajtur rolin e z\u00ebdh\u00ebn\u00ebsit t\u00eb tij prej dekadash, q\u00eb n\u00eb koh\u00ebn kur Rama ishte kryetar i bashkis\u00eb Tiran\u00eb.<\/p>\n<p>Em\u00ebrimi i b\u00ebr\u00eb q\u00eb m\u00eb 19 shtator 2022, por u pranua nga kryeministria n\u00eb p\u00ebrgjigje t\u00eb nj\u00eb k\u00ebrkese t\u00eb BIRN p\u00ebr informim. \u201cDrejtori i P\u00ebrgjithsh\u00ebm i Agjencis\u00eb p\u00ebr Media dhe Informim, z. Endri Fuga, \u00ebsht\u00eb em\u00ebruar me Urdh\u00ebr t\u00eb Kryeministrit nr.96, dat\u00eb 29.9.2021 \u201cP\u00ebr em\u00ebrim n\u00eb detyr\u00eb\u201d, thuhet n\u00eb p\u00ebrgjigjen zyrtare.<\/p>\n<p>Roli i agjencis\u00eb do t\u00eb jet\u00eb centralizues p\u00ebr marr\u00ebdh\u00ebniet me publikun t\u00eb qeveris\u00eb. N\u00eb organik\u00ebn e saj me 61 punonj\u00ebs do t\u00eb p\u00ebrfshihen t\u00eb gjith\u00eb z\u00ebdh\u00ebn\u00ebsit e ministrive dhe t\u00eb gjitha institucionet e qeveris\u00eb qendrore dhe punonj\u00ebs t\u00eb zyr\u00ebs s\u00eb Marr\u00ebdh\u00ebnie me Publikun n\u00eb kryeministri.<\/p>\n<p>N\u00eb VKM p\u00ebr krijimin e saj parashikohet q\u00eb agjencia do t\u00eb kontrolloj\u00eb em\u00ebrimin dhe shkarkimin nga puna t\u00eb z\u00ebdh\u00ebn\u00ebsve t\u00eb institucioneve qendrore, t\u00eb cil\u00ebt deri m\u00eb sot em\u00ebroheshin dhe shkarkoheshin nga ministrat p\u00ebrkat\u00ebs dhe mbanin zakonisht statusin e k\u00ebshilltarit. Kjo agjenci do t\u00eb kontrolloj\u00eb gjithashtu aktivitetin publik t\u00eb ministrave, p\u00ebrfshir\u00eb konferencat e tyre p\u00ebr shtyp.<\/p>\n<p>\u201cDrejtori i P\u00ebrgjithsh\u00ebm, statusi i t\u00eb cilit barazohet me at\u00eb t\u00eb ministrit t\u00eb shtetit, \u00ebsht\u00eb z\u00ebdh\u00ebn\u00ebs i K\u00ebshillit t\u00eb Ministrave,\u201d thuhet n\u00eb vendim.<\/p>\n<p>N\u00eb vijim t\u00eb vendimeve n\u00eb mb\u00ebshtetje t\u00eb krijimit t\u00eb agjencis\u00eb qeveria mori me qira zero t\u00eb ambjenteve t\u00eb Pallatit t\u00eb Kongreseve t\u00eb pakt\u00ebn 7 zyra dhe nj\u00eb sall\u00eb konferencash. Ngritja dhe funksionimi i k\u00ebsaj agjencie shihet nga shum\u00eb aktor\u00eb vendor\u00eb si nj\u00eb nj\u00eb legalizim i struktur\u00ebs funksionuese t\u00eb m\u00ebparshme t\u00eb propagand\u00ebs s\u00eb qeveris\u00eb.<\/p>\n<p>Organizatat nd\u00ebrkomb\u00ebtare p\u00ebr lirin\u00eb e shprehjes kan\u00eb shprehur shqet\u00ebsim lidhur me k\u00ebt\u00eb vendim t\u00eb qeveris\u00eb shqiptare dhe i kan\u00eb k\u00ebrkuar Bashkimit Evropian t\u2019i b\u00ebj\u00eb presion qeveris\u00eb kund\u00ebr krijimit t\u00eb k\u00ebsaj agjencie. N\u00eb nj\u00eb deklarat\u00eb t\u00eb publikuar n\u00eb tetor 2021, gjasht\u00eb organizata nd\u00ebrkomb\u00ebtare e quajn\u00eb \u201cshqet\u00ebsuese\u201d krijimin e agjencis\u00eb dhe e shohin at\u00eb si nj\u00eb hap drejt p\u00ebrkeq\u00ebsimit t\u00eb liris\u00eb s\u00eb medias n\u00eb Shqip\u00ebri.<\/p>\n<p>\u201cOrganizatat tona ndajn\u00eb shqet\u00ebsimet e shprehura nga kryeredaktor\u00eb t\u00eb ndrysh\u00ebm, organizata t\u00eb shoq\u00ebris\u00eb civile dhe sindikatat e medias n\u00eb Shqip\u00ebri q\u00eb thon\u00eb se krijimi i Agjencis\u00eb, n\u00eb vend q\u00eb t\u00eb p\u00ebrmir\u00ebsoj\u00eb aksesin e gazetar\u00ebve te informacioni publik, mund t\u00eb b\u00ebj\u00eb sakt\u00ebsisht t\u00eb kund\u00ebrt\u00ebn,\u201d thuhet n\u00eb deklarat\u00ebn e firmosur nga Artikulli 19, Qendra Evropiane p\u00ebr Liri t\u00eb Shtypit dhe t\u00eb Medias (ECPMF), Instituti Nd\u00ebrkomb\u00ebtar i Shtypit (IPU), OBC Transeuropa, Federata Evropiane e Gazetar\u00ebve dhe Free Press Unlimited.<\/p>\n<p>Edhe Komisioni Europian ngriti shqet\u00ebsimin e liris\u00eb s\u00eb medias n\u00eb progres-raportin e fundit, kur\u00a0 theksohej se Shqip\u00ebria nuk ka b\u00ebr\u00eb hapa p\u00ebrpara p\u00ebr sa i p\u00ebrket liris\u00eb s\u00eb shprehjes.<\/p>\n<p>Her\u00ebn e fundit q\u00eb Shqip\u00ebria ka pasur nj\u00eb ministri propagande ka qen\u00eb viti 2001, kur nj\u00eb nga qeverit\u00eb e drejtuara n\u00eb at\u00eb koh\u00eb nga Pandeli Majko, kishte nj\u00eb minist\u00ebr \u201cp\u00ebr informacionin\u201d. Kjo agjenci do t\u00eb ket\u00eb n\u00eb struktur\u00ebn e saj 61 punonj\u00ebs, por kryeministria nuk i vuri n\u00eb dispozicion BIRN-it, sipas k\u00ebrkes\u00ebs, emrat dhe pozicionet e tyre t\u00eb pun\u00ebs.\/birn<\/p>\n","protected":false},"excerpt":{"rendered":"<p>N\u00eb nj\u00eb urdh\u00ebr ekzekutiv nj\u00eb dit\u00eb pas vendimit t\u00eb qeveris\u00eb p\u00ebr krijimin e Agjencis\u00eb p\u00ebr Media dhe Informim, Kryeministri ka firmosur em\u00ebrimin n\u00eb krye t\u00eb saj t\u00eb Endri Fug\u00ebs, i cili ka mbajtur rolin e z\u00ebdh\u00ebn\u00ebsit t\u00eb tij prej dekadash, q\u00eb n\u00eb koh\u00ebn kur Rama ishte kryetar i bashkis\u00eb Tiran\u00eb. Em\u00ebrimi i b\u00ebr\u00eb q\u00eb m\u00eb [&hellip;]<\/p>\n","protected":false},"author":2030,"featured_media":232844,"comment_status":"closed","ping_status":"closed","sticky":false,"template":"","format":"standard","meta":{"footnotes":""},"categories":[241,231,1454],"tags":[],"class_list":{"0":"post-232843","1":"post","2":"type-post","3":"status-publish","4":"format-standard","5":"has-post-thumbnail","7":"category-aktualitet","8":"category-lajme","9":"category-politike"},"_links":{"self":[{"href":"https:\/\/zjarr.tv\/sq\/wp-json\/wp\/v2\/posts\/232843","targetHints":{"allow":["GET"]}}],"collection":[{"href":"https:\/\/zjarr.tv\/sq\/wp-json\/wp\/v2\/posts"}],"about":[{"href":"https:\/\/zjarr.tv\/sq\/wp-json\/wp\/v2\/types\/post"}],"author":[{"embeddable":true,"href":"https:\/\/zjarr.tv\/sq\/wp-json\/wp\/v2\/users\/2030"}],"replies":[{"embeddable":true,"href":"https:\/\/zjarr.tv\/sq\/wp-json\/wp\/v2\/comments?post=232843"}],"version-history":[{"count":0,"href":"https:\/\/zjarr.tv\/sq\/wp-json\/wp\/v2\/posts\/232843\/revisions"}],"wp:featuredmedia":[{"embeddable":true,"href":"https:\/\/zjarr.tv\/sq\/wp-json\/wp\/v2\/media\/232844"}],"wp:attachment":[{"href":"https:\/\/zjarr.tv\/sq\/wp-json\/wp\/v2\/media?parent=232843"}],"wp:term":[{"taxonomy":"category","embeddable":true,"href":"https:\/\/zjarr.tv\/sq\/wp-json\/wp\/v2\/categories?post=232843"},{"taxonomy":"post_tag","embeddable":true,"href":"https:\/\/zjarr.tv\/sq\/wp-json\/wp\/v2\/tags?post=232843"}],"curies":[{"name":"wp","href":"https:\/\/api.w.org\/{rel}","templated":true}]}}