{"id":232847,"date":"2022-01-27T18:22:27","date_gmt":"2022-01-27T17:22:27","guid":{"rendered":"https:\/\/zjarr.tv\/?p=232847"},"modified":"2022-01-27T18:22:27","modified_gmt":"2022-01-27T17:22:27","slug":"lsi-akuza-qeverise-duhej-dekreti-i-metes-per-zgjedhjet-qe-te-fillonin-shperndarjen-e-bonusit","status":"publish","type":"post","link":"https:\/\/zjarr.tv\/sq\/lsi-akuza-qeverise-duhej-dekreti-i-metes-per-zgjedhjet-qe-te-fillonin-shperndarjen-e-bonusit\/","title":{"rendered":"LSI akuza qeveris\u00eb: Duhej dekreti i Met\u00ebs p\u00ebr zgjedhjet q\u00eb t\u00eb fillonin shp\u00ebrndarjen e bonusit"},"content":{"rendered":"<p>Kryetarja e L\u00ebvizjes Socialiste p\u00ebr Integrim n\u00eb Durr\u00ebs, Kontjana Ku\u00e7i p\u00ebrmes nj\u00eb statusi n\u00eb rrjetet sociale ka shkruar se banor\u00ebt e qytetit t\u00eb Durr\u00ebsit i jan\u00eb mir\u00ebnjoh\u00ebs presidentit Ilir Meta p\u00ebr caktimin e dat\u00ebs s\u00eb zgjedhjeve t\u00eb 6 marsit.<\/p>\n<p>Sipas saj duhej dekreti i presidentit p\u00ebr zgjedhjet q\u00eb K\u00ebshilli Bashkiak i qytetit t\u00eb Durr\u00ebsit t\u00eb merrte vendimin p\u00ebr miratimin e bonusit t\u00eb qiras\u00eb p\u00ebr familjet e d\u00ebmtuara nga t\u00ebrmeti.<\/p>\n<p>Postimi i plot\u00eb:<\/p>\n<p>Banoret e Durresit mirenjohes Presidentit Meta per caktimin e dates se zgjedhjeve! Duhej dekreti i Presidentit te Republikes per zgjedhjet lokale te 6 Marsit, qe Keshilli Bashkiak Durres te merte vendim per miratimin e granteve per banesat e familjeve te demtuara nga termeti!<\/p>\n<p>Bashkia Durres 10 muaj pushim per banesat e demtuara nga termeti, nga zgjedhjet e 25 Prillit 2021 deri kur u caktuan zgjedhjet lokale! Pasditen e te premtes pritet te mblidhet Keshilli Bashkiak Durres, ku nder te tjera do miratohet edhe lista e personave\/familjeve qe perfitojne grantin per rikonstruksionin e banesave te demtuara nga termeti. Por pse pikerisht ne kete kohe???<\/p>\n<p>Dekreti Presidencial i dates 20 Janar per zgjedhje vendore edhe ne Bashkine Durres, beri qe qindra familje te perfitojne bonusin e qerase qe mungonte prej 3 muajsh ne famljet e tyre dhe \u2018shkundi xhepat\u2019 e Bashkise per grantet e mbi 500 familjeve durresake! Keto jane \u2018skemat mashtruese josurprize\u2019 te Rilindjes gjate fushatave zgjedhore! Me syte nga Zoti e me shprese per zgjedhje te tjera sa me te aferta, familjet e tjera ende te pa demshperblyera mbeten ne pritje! Kontjana Ku\u00e7i<\/p>\n<p>LSI Durres<\/p>\n","protected":false},"excerpt":{"rendered":"<p>Kryetarja e L\u00ebvizjes Socialiste p\u00ebr Integrim n\u00eb Durr\u00ebs, Kontjana Ku\u00e7i p\u00ebrmes nj\u00eb statusi n\u00eb rrjetet sociale ka shkruar se banor\u00ebt e qytetit t\u00eb Durr\u00ebsit i jan\u00eb mir\u00ebnjoh\u00ebs presidentit Ilir Meta p\u00ebr caktimin e dat\u00ebs s\u00eb zgjedhjeve t\u00eb 6 marsit. Sipas saj duhej dekreti i presidentit p\u00ebr zgjedhjet q\u00eb K\u00ebshilli Bashkiak i qytetit t\u00eb Durr\u00ebsit t\u00eb [&hellip;]<\/p>\n","protected":false},"author":2030,"featured_media":232848,"comment_status":"closed","ping_status":"closed","sticky":false,"template":"","format":"standard","meta":{"footnotes":""},"categories":[241,3366,231,1454],"tags":[],"class_list":{"0":"post-232847","1":"post","2":"type-post","3":"status-publish","4":"format-standard","5":"has-post-thumbnail","7":"category-aktualitet","8":"category-koment","9":"category-lajme","10":"category-politike"},"_links":{"self":[{"href":"https:\/\/zjarr.tv\/sq\/wp-json\/wp\/v2\/posts\/232847","targetHints":{"allow":["GET"]}}],"collection":[{"href":"https:\/\/zjarr.tv\/sq\/wp-json\/wp\/v2\/posts"}],"about":[{"href":"https:\/\/zjarr.tv\/sq\/wp-json\/wp\/v2\/types\/post"}],"author":[{"embeddable":true,"href":"https:\/\/zjarr.tv\/sq\/wp-json\/wp\/v2\/users\/2030"}],"replies":[{"embeddable":true,"href":"https:\/\/zjarr.tv\/sq\/wp-json\/wp\/v2\/comments?post=232847"}],"version-history":[{"count":0,"href":"https:\/\/zjarr.tv\/sq\/wp-json\/wp\/v2\/posts\/232847\/revisions"}],"wp:featuredmedia":[{"embeddable":true,"href":"https:\/\/zjarr.tv\/sq\/wp-json\/wp\/v2\/media\/232848"}],"wp:attachment":[{"href":"https:\/\/zjarr.tv\/sq\/wp-json\/wp\/v2\/media?parent=232847"}],"wp:term":[{"taxonomy":"category","embeddable":true,"href":"https:\/\/zjarr.tv\/sq\/wp-json\/wp\/v2\/categories?post=232847"},{"taxonomy":"post_tag","embeddable":true,"href":"https:\/\/zjarr.tv\/sq\/wp-json\/wp\/v2\/tags?post=232847"}],"curies":[{"name":"wp","href":"https:\/\/api.w.org\/{rel}","templated":true}]}}