{"id":232856,"date":"2022-01-27T20:43:52","date_gmt":"2022-01-27T19:43:52","guid":{"rendered":"https:\/\/zjarr.tv\/?p=232856"},"modified":"2022-01-27T20:43:52","modified_gmt":"2022-01-27T19:43:52","slug":"meta-iu-bashkova-lutjeve-e-nderimit-te-kujtimit-per-miliona-jete-te-humbura-shqiperia-shembull-per-harmonine-nderfetare","status":"publish","type":"post","link":"https:\/\/zjarr.tv\/sq\/meta-iu-bashkova-lutjeve-e-nderimit-te-kujtimit-per-miliona-jete-te-humbura-shqiperia-shembull-per-harmonine-nderfetare\/","title":{"rendered":"Meta: Iu bashkova lutjeve e nderimit t\u00eb kujtimit p\u00ebr miliona jet\u00eb t\u00eb humbura, Shqip\u00ebria shembull p\u00ebr harmonin\u00eb nd\u00ebrfetare!"},"content":{"rendered":"<p>Presidenti i vendit Ilir Meta ka kujtuar jet\u00ebt e humbura me rastin e Dit\u00ebs Nd\u00ebrkomb\u00ebtare t\u00eb Kujtes\u00ebs s\u00eb Holokaustit. Ai i \u00ebsht\u00eb bashkuar lutjeve dhe nderimit t\u00eb kujtimit p\u00ebr miliona jet\u00eb t\u00eb humbura gjat\u00eb periudh\u00ebs s\u00eb err\u00ebt t\u00eb Luft\u00ebs s\u00eb Dyt\u00eb Bot\u00ebrore.<\/p>\n<p>Postimi i plot\u00eb i Ilir Met\u00ebs:<\/p>\n<p>Me shum\u00eb k\u00ebnaq\u00ebsi p\u00ebrsh\u00ebndeta n\u00ebp\u00ebrmjet nj\u00eb video-konference, aktivitetin nd\u00ebrkomb\u00ebtar me tem\u00eb \u201cNj\u00eb bot\u00eb n\u00eb udh\u00ebkryq\u201d, t\u00eb organizuar n\u00eb Izrael me rastin e Dit\u00ebs Nd\u00ebrkomb\u00ebtare t\u00eb Kujtes\u00ebs s\u00eb Holokaustit.<\/p>\n<p>U bashkova lutjeve dhe nderimit t\u00eb kujtimit p\u00ebr miliona jet\u00eb t\u00eb humbura gjat\u00eb periudh\u00ebs s\u00eb err\u00ebt t\u00eb Luft\u00ebs s\u00eb Dyt\u00eb Bot\u00ebrore, duke theksuar domosdoshm\u00ebrin\u00eb p\u00ebr t\u00eb q\u00ebndruar t\u00eb pal\u00ebkundur n\u00eb mbrojtje t\u00eb idealeve t\u00eb toleranc\u00ebs, t\u00eb drejtave t\u00eb njeriut, liris\u00eb s\u00eb besimit dhe integritetit njer\u00ebzor, q\u00eb duhet t\u00eb mbizot\u00ebrojn\u00eb mbi tragjedit\u00eb e s\u00eb kaluar\u00ebs pa u lejuar t\u00eb p\u00ebrs\u00ebriten m\u00eb.<\/p>\n<p>Ndava krenarin\u00eb p\u00ebr Kodin e Nderit t\u00eb kombit shqiptar, BES\u00cbN, p\u00ebr faktin se Shqip\u00ebria ishte vendi n\u00eb t\u00eb cilin numri i hebrenjve ishte m\u00eb i madh pas se para Luft\u00ebs s\u00eb Dyt\u00eb Bot\u00ebrore, dhe n\u00eb ve\u00e7anti p\u00ebr harmonin\u00eb ton\u00eb unike nd\u00ebrfetare, shembull p\u00ebr mbar\u00eb bot\u00ebn.<\/p>\n","protected":false},"excerpt":{"rendered":"<p>Presidenti i vendit Ilir Meta ka kujtuar jet\u00ebt e humbura me rastin e Dit\u00ebs Nd\u00ebrkomb\u00ebtare t\u00eb Kujtes\u00ebs s\u00eb Holokaustit. Ai i \u00ebsht\u00eb bashkuar lutjeve dhe nderimit t\u00eb kujtimit p\u00ebr miliona jet\u00eb t\u00eb humbura gjat\u00eb periudh\u00ebs s\u00eb err\u00ebt t\u00eb Luft\u00ebs s\u00eb Dyt\u00eb Bot\u00ebrore. Postimi i plot\u00eb i Ilir Met\u00ebs: Me shum\u00eb k\u00ebnaq\u00ebsi p\u00ebrsh\u00ebndeta n\u00ebp\u00ebrmjet nj\u00eb video-konference, [&hellip;]<\/p>\n","protected":false},"author":2031,"featured_media":232858,"comment_status":"closed","ping_status":"closed","sticky":false,"template":"","format":"standard","meta":{"footnotes":""},"categories":[231],"tags":[],"class_list":{"0":"post-232856","1":"post","2":"type-post","3":"status-publish","4":"format-standard","5":"has-post-thumbnail","7":"category-lajme"},"_links":{"self":[{"href":"https:\/\/zjarr.tv\/sq\/wp-json\/wp\/v2\/posts\/232856","targetHints":{"allow":["GET"]}}],"collection":[{"href":"https:\/\/zjarr.tv\/sq\/wp-json\/wp\/v2\/posts"}],"about":[{"href":"https:\/\/zjarr.tv\/sq\/wp-json\/wp\/v2\/types\/post"}],"author":[{"embeddable":true,"href":"https:\/\/zjarr.tv\/sq\/wp-json\/wp\/v2\/users\/2031"}],"replies":[{"embeddable":true,"href":"https:\/\/zjarr.tv\/sq\/wp-json\/wp\/v2\/comments?post=232856"}],"version-history":[{"count":0,"href":"https:\/\/zjarr.tv\/sq\/wp-json\/wp\/v2\/posts\/232856\/revisions"}],"wp:featuredmedia":[{"embeddable":true,"href":"https:\/\/zjarr.tv\/sq\/wp-json\/wp\/v2\/media\/232858"}],"wp:attachment":[{"href":"https:\/\/zjarr.tv\/sq\/wp-json\/wp\/v2\/media?parent=232856"}],"wp:term":[{"taxonomy":"category","embeddable":true,"href":"https:\/\/zjarr.tv\/sq\/wp-json\/wp\/v2\/categories?post=232856"},{"taxonomy":"post_tag","embeddable":true,"href":"https:\/\/zjarr.tv\/sq\/wp-json\/wp\/v2\/tags?post=232856"}],"curies":[{"name":"wp","href":"https:\/\/api.w.org\/{rel}","templated":true}]}}