{"id":232861,"date":"2022-01-27T21:00:47","date_gmt":"2022-01-27T20:00:47","guid":{"rendered":"https:\/\/zjarr.tv\/?p=232861"},"modified":"2022-01-27T21:00:47","modified_gmt":"2022-01-27T20:00:47","slug":"fjalimi-i-berishes-e-prishi-ligjin-e-heshtjes-qe-kishte-zaptuar-kuvendin","status":"publish","type":"post","link":"https:\/\/zjarr.tv\/sq\/fjalimi-i-berishes-e-prishi-ligjin-e-heshtjes-qe-kishte-zaptuar-kuvendin\/","title":{"rendered":"Fjalimi i Berish\u00ebs e prishi ligjin e heshtjes q\u00eb kishte zaptuar Kuvendin"},"content":{"rendered":"<p>Nga Artan Fuga <\/p>\n<p>Kuvendi n\u00eb kaos!<\/p>\n<p>Me fjalimin e z. Sali Berisha sot n\u00eb Kuvend, u shqep ligji i heshtjes q\u00eb prej vitesh kishte zaptuar Kuvendin. Gjuha politike do t\u00eb ndryshoj\u00eb t\u00ebr\u00ebsisht!<\/p>\n<p>Sherri tani do t\u00eb b\u00ebhet s\u00eb paku kat\u00ebrsh, dhe ne si qytetar\u00eb kemi nevoj\u00eb p\u00ebr k\u00ebt\u00eb sherr sepse do t\u00eb prishi t\u00eb gjitha ekuilibrat e vendosura nga lidershipi politik n\u00eb k\u00ebta tridhjet\u00eb vjet.<\/p>\n<p>Prit se zoti Berisha ka \u201cnxjerr\u00eb shejtanin nga shishja\u201d, u ka th\u00ebn\u00eb fjal\u00ebn militant\u00ebve n\u00eb foltoret e tij. Ata tani nuk mbyllen m\u00eb kurr\u00eb n\u00eb \u201cshishe\u201d.<\/p>\n<p>Zoti Edi Rama nuk e p\u00ebrballon dot k\u00ebt\u00eb kakofoni t\u00eb rrezikshme q\u00eb i nxjerr Kuvendin jasht\u00eb kontrolli, duke shtuar nj\u00eb dimension tjet\u00ebr kakofonis\u00eb politike, sikurse ai i bised\u00ebs gjoja me qytetar\u00ebt me an\u00eb e pyet\u00ebsorit. Kriz\u00ebn ligj\u00ebrimore nuk e zgjidh duke e  konsideruar t\u00eb paqen\u00eb dhe b\u00ebr\u00eb si ai q\u00eb kur s\u2019i p\u00eblqen muhabeti n\u00eb tavolin\u00eb sheh nga dritarja dhe iu flet njer\u00ebzve q\u00eb ecin n\u00eb shi pa \u00e7ad\u00ebr!<\/p>\n<p>Kriza politike po afron!<\/p>\n<p>Gjithsesi qet\u00ebsia brenda establishmentit politik \u00ebsht\u00eb prishur. Ka vend p\u00ebr afera dyshe, kurse kur aktor\u00ebt jan\u00eb s\u00eb paku pes\u00eb, karriget nuk mjaftojn\u00eb.<\/p>\n<p>Jan\u00eb s\u00eb paku pes\u00eb persona p\u00ebr dy karrige, nj\u00eb n\u00eb pushtet dhe nj\u00eb n\u00eb opozit\u00eb. I pari ka monopolizuar pushtetin, i dyti opozit\u00ebn. Po ne, thon\u00eb t\u00eb tjer\u00ebt? Erdhi shoqja prapa meje dhe shamin\u00eb ma vuriiii! E dini vallen besoj!<\/p>\n","protected":false},"excerpt":{"rendered":"<p>Nga Artan Fuga Kuvendi n\u00eb kaos! Me fjalimin e z. Sali Berisha sot n\u00eb Kuvend, u shqep ligji i heshtjes q\u00eb prej vitesh kishte zaptuar Kuvendin. Gjuha politike do t\u00eb ndryshoj\u00eb t\u00ebr\u00ebsisht! Sherri tani do t\u00eb b\u00ebhet s\u00eb paku kat\u00ebrsh, dhe ne si qytetar\u00eb kemi nevoj\u00eb p\u00ebr k\u00ebt\u00eb sherr sepse do t\u00eb prishi t\u00eb gjitha [&hellip;]<\/p>\n","protected":false},"author":2031,"featured_media":232862,"comment_status":"closed","ping_status":"closed","sticky":false,"template":"","format":"standard","meta":{"footnotes":""},"categories":[231],"tags":[],"class_list":{"0":"post-232861","1":"post","2":"type-post","3":"status-publish","4":"format-standard","5":"has-post-thumbnail","7":"category-lajme"},"_links":{"self":[{"href":"https:\/\/zjarr.tv\/sq\/wp-json\/wp\/v2\/posts\/232861","targetHints":{"allow":["GET"]}}],"collection":[{"href":"https:\/\/zjarr.tv\/sq\/wp-json\/wp\/v2\/posts"}],"about":[{"href":"https:\/\/zjarr.tv\/sq\/wp-json\/wp\/v2\/types\/post"}],"author":[{"embeddable":true,"href":"https:\/\/zjarr.tv\/sq\/wp-json\/wp\/v2\/users\/2031"}],"replies":[{"embeddable":true,"href":"https:\/\/zjarr.tv\/sq\/wp-json\/wp\/v2\/comments?post=232861"}],"version-history":[{"count":0,"href":"https:\/\/zjarr.tv\/sq\/wp-json\/wp\/v2\/posts\/232861\/revisions"}],"wp:featuredmedia":[{"embeddable":true,"href":"https:\/\/zjarr.tv\/sq\/wp-json\/wp\/v2\/media\/232862"}],"wp:attachment":[{"href":"https:\/\/zjarr.tv\/sq\/wp-json\/wp\/v2\/media?parent=232861"}],"wp:term":[{"taxonomy":"category","embeddable":true,"href":"https:\/\/zjarr.tv\/sq\/wp-json\/wp\/v2\/categories?post=232861"},{"taxonomy":"post_tag","embeddable":true,"href":"https:\/\/zjarr.tv\/sq\/wp-json\/wp\/v2\/tags?post=232861"}],"curies":[{"name":"wp","href":"https:\/\/api.w.org\/{rel}","templated":true}]}}