{"id":232870,"date":"2022-01-27T21:47:15","date_gmt":"2022-01-27T20:47:15","guid":{"rendered":"https:\/\/zjarr.tv\/?p=232870"},"modified":"2022-01-27T21:47:15","modified_gmt":"2022-01-27T20:47:15","slug":"deromemaj-meta-ka-thene-nje-shprehje-per-bashen-qe-ai-genjen-edhe-per-oren-kjo-fjale-ka-zene-vend","status":"publish","type":"post","link":"https:\/\/zjarr.tv\/sq\/deromemaj-meta-ka-thene-nje-shprehje-per-bashen-qe-ai-genjen-edhe-per-oren-kjo-fjale-ka-zene-vend\/","title":{"rendered":"Deromemaj: Meta ka th\u00ebn\u00eb nj\u00eb shprehje p\u00ebr Bash\u00ebn, q\u00eb ai g\u00ebnjen edhe p\u00ebr or\u00ebn. Kjo fjal\u00eb ka z\u00ebn\u00eb vend"},"content":{"rendered":"<p>Kryetari i PD-s\u00eb s\u00eb Vlor\u00ebs Genc Deromemaj, n\u00eb nj\u00eb intervist\u00eb n\u00eb Syri Tv, komentoi zhvillimet n\u00eb PD dhe zgjedhjet e 6 marsit.<\/p>\n<p>Deromemaj thekson se Basha po ec\u00ebn n\u00eb rrug\u00eb t\u00eb \u00e7mendur, duke shtuar se ai \u00ebsht\u00eb braktisur nga gjith\u00eb demokrat\u00ebt.<\/p>\n<p>\u201cAskush s\u2019mund ta ndjek\u00eb Bash\u00ebn n\u00eb k\u00ebt\u00eb \u00e7menduri, Basha nuk b\u00ebn dot nj\u00eb takim me demokrat\u00ebt. Lulzim Basha nuk \u00ebsht\u00eb m\u00eb i besuesh\u00ebm n\u00eb syt\u00eb e qytetar\u00ebve. Meta ka th\u00ebn\u00eb nj\u00eb shprehje p\u00ebr Bash\u00ebn, q\u00eb ai g\u00ebnjen edhe p\u00ebr or\u00ebn. Kjo fjal\u00eb ka z\u00ebn\u00eb vend. Kjo \u00ebsht\u00eb shum\u00eb e v\u00ebrtet\u00eb. Pes\u00eb minuta Sali Berisha jan\u00eb m\u00eb shum\u00eb se tet\u00eb vjet t\u00eb Lulzim Bash\u00ebs. Un\u00eb nuk dua t\u00eb merrem m\u00eb me Bash\u00ebn, nuk ia vlen t\u00eb merresh m\u00eb me t\u00eb.<\/p>\n<p>Basha b\u00ebn turpe hap pas hapi. Tashm\u00eb jan\u00eb t\u00eb gjitha kushtet q\u00eb t\u00eb kemi nj\u00eb opozit\u00eb t\u00eb v\u00ebrtet\u00eb e do jet\u00eb opozita q\u00eb duan t\u00eb gjith\u00eb shqiptar\u00ebt, ajo e v\u00ebrteta. Basha do t\u00eb mbetet vet\u00ebm me 2-3 vet\u00eb q\u00eb ka af\u00ebr. Basha \u00ebsht\u00eb shkarkuar dhe \u00e7do vendim q\u00eb merr nuk ka asnj\u00eb kuptim, \u00ebsht\u00eb nul. Basha nuk pritet as nga demokrat\u00ebt n\u00eb Tiran\u00eb e jo m\u00eb n\u00eb rrethe. Demokrat\u00ebt nuk do ia falin Bash\u00ebs dat\u00ebn 8 dhe ata do ia kthejn\u00eb me vot\u00eb m\u00eb dat\u00eb 6 mars. N\u00ebse kandidat\u00ebt e Bash\u00ebs do futen n\u00eb zgjedhje, do dalin shum\u00eb keq, ata jan\u00eb aq keq, sa nuk gjejn\u00eb dot kandidat\u201d, deklaroi Deromemaj.<\/p>\n","protected":false},"excerpt":{"rendered":"<p>Kryetari i PD-s\u00eb s\u00eb Vlor\u00ebs Genc Deromemaj, n\u00eb nj\u00eb intervist\u00eb n\u00eb Syri Tv, komentoi zhvillimet n\u00eb PD dhe zgjedhjet e 6 marsit. Deromemaj thekson se Basha po ec\u00ebn n\u00eb rrug\u00eb t\u00eb \u00e7mendur, duke shtuar se ai \u00ebsht\u00eb braktisur nga gjith\u00eb demokrat\u00ebt. \u201cAskush s\u2019mund ta ndjek\u00eb Bash\u00ebn n\u00eb k\u00ebt\u00eb \u00e7menduri, Basha nuk b\u00ebn dot nj\u00eb takim [&hellip;]<\/p>\n","protected":false},"author":2031,"featured_media":232871,"comment_status":"closed","ping_status":"closed","sticky":false,"template":"","format":"standard","meta":{"footnotes":""},"categories":[231],"tags":[],"class_list":{"0":"post-232870","1":"post","2":"type-post","3":"status-publish","4":"format-standard","5":"has-post-thumbnail","7":"category-lajme"},"_links":{"self":[{"href":"https:\/\/zjarr.tv\/sq\/wp-json\/wp\/v2\/posts\/232870","targetHints":{"allow":["GET"]}}],"collection":[{"href":"https:\/\/zjarr.tv\/sq\/wp-json\/wp\/v2\/posts"}],"about":[{"href":"https:\/\/zjarr.tv\/sq\/wp-json\/wp\/v2\/types\/post"}],"author":[{"embeddable":true,"href":"https:\/\/zjarr.tv\/sq\/wp-json\/wp\/v2\/users\/2031"}],"replies":[{"embeddable":true,"href":"https:\/\/zjarr.tv\/sq\/wp-json\/wp\/v2\/comments?post=232870"}],"version-history":[{"count":0,"href":"https:\/\/zjarr.tv\/sq\/wp-json\/wp\/v2\/posts\/232870\/revisions"}],"wp:featuredmedia":[{"embeddable":true,"href":"https:\/\/zjarr.tv\/sq\/wp-json\/wp\/v2\/media\/232871"}],"wp:attachment":[{"href":"https:\/\/zjarr.tv\/sq\/wp-json\/wp\/v2\/media?parent=232870"}],"wp:term":[{"taxonomy":"category","embeddable":true,"href":"https:\/\/zjarr.tv\/sq\/wp-json\/wp\/v2\/categories?post=232870"},{"taxonomy":"post_tag","embeddable":true,"href":"https:\/\/zjarr.tv\/sq\/wp-json\/wp\/v2\/tags?post=232870"}],"curies":[{"name":"wp","href":"https:\/\/api.w.org\/{rel}","templated":true}]}}