{"id":232878,"date":"2022-01-27T21:55:55","date_gmt":"2022-01-27T20:55:55","guid":{"rendered":"https:\/\/zjarr.tv\/?p=232878"},"modified":"2022-01-27T21:55:55","modified_gmt":"2022-01-27T20:55:55","slug":"berisha-ne-opinion-kemi-nisur-nje-revolucion-te-pandalshem-ne-6-mars-pd-do-te-marre-nje-rezultat-qe-do-te-habiteni","status":"publish","type":"post","link":"https:\/\/zjarr.tv\/sq\/berisha-ne-opinion-kemi-nisur-nje-revolucion-te-pandalshem-ne-6-mars-pd-do-te-marre-nje-rezultat-qe-do-te-habiteni\/","title":{"rendered":"Berisha n\u00eb \u201cOpinion\u201d: Kemi nisur nj\u00eb revolucion t\u00eb pandalsh\u00ebm. N\u00eb 6 mars, PD do t\u00eb marr\u00eb nj\u00eb rezultat q\u00eb do t\u00eb habiteni"},"content":{"rendered":"<p>I ftuar ne \u201cOpinion\u201d Berisha u pyet se si do marre pjese ne zgjedhjet e 6 marsit, kur KQZ njeh PD e Bashes. Berisha u pergjigj duke pohuar: \u201cLulzimi nuk njihet m\u00eb p\u00ebr vul\u00ebn, njihet p\u00ebr brav\u00ebn. Ky \u00ebsht\u00eb nj\u00eb revolucion i pandalsh\u00ebm. Pjes\u00ebmarrja n\u00eb procesin zgjedhor, do jemi aty. Po aplikojm\u00eb standardin e m\u00ebshiruar n\u00eb statutin e partis\u00eb, nisin dit\u00ebn e diel\u00eb. Ka kandidatura t\u00eb shumta.\u201d<\/p>\n<p>T\u00eb diel\u00ebn njoftoi Berisha do t\u00eb zhvillohen primaret n\u00eb 6 bashkit\u00eb.  Berisha deklaroi gjithashtu se PD do t\u00eb krijoj\u00eb koalicion p\u00ebr k\u00ebto zgjedhje me partit\u00eb e tjera t\u00eb spektrit t\u00eb djatht\u00eb.<\/p>\n<p>\u201cJan\u00eb 20 kandidat\u00eb n\u00eb Shkod\u00ebr p\u00ebr primaret. Nes\u00ebr konkludohet lista. Dit\u00ebn e diel\u00eb primaret n\u00eb t\u00eb 6 bashkit\u00eb. PD do t\u00eb marr\u00eb pjes\u00eb n\u00eb k\u00ebto zgjedhje dhe do t\u00eb ket\u00eb nj\u00eb rezultat q\u00eb do t\u00eb habiteni. Opozita e v\u00ebrtet\u00eb p\u00ebrballet me narkoqeerin\u00eb dhe peng-Bash\u00ebn. Se kush p\u00ebrfaq\u00ebson PD-n\u00eb \u00ebsht\u00eb faktuar para shqiptar\u00ebve n\u00eb 11 dhe 18 dhjetor.<\/p>\n<p>Do pranojn\u00eb 40 mij\u00eb format, apo 1958 persona shum\u00ebzohen me 3 dhe dalin 5004? Dy fenomene diametralisht t\u00eb kund\u00ebrta. Nj\u00ebri vjen nga falsiteti, mashtrimi, as n\u00eb romanet e Markezit nuk gjen t\u00eb till\u00eb, as n\u00eb veprat e Oruellit ku del personazhi dhe thot\u00eb se k\u00ebtu nuk jan\u00eb 1958 karrige dhe persona, por jan\u00eb 5004. <\/p>\n<p>Kandidat\u00ebt do t\u00eb jen\u00eb t\u00eb Aleanc\u00ebs. P\u00ebrfaq\u00ebsojm\u00eb revolucionin. Koalicioni mund t\u00eb quhet \u2018Sht\u00ebpia e Liris\u00eb\u2019, mund t\u00eb ket\u00eb dhe em\u00ebr tjet\u00ebr. Do t\u00eb vendosin ekspert\u00ebt tan\u00eb t\u00eb \u00e7\u00ebshtjeve elektorale si do t\u00eb dalin kandidat\u00ebt, t\u00eb pavarur apo jo. Kemi disa nga m\u00eb t\u00eb shquarit n\u00eb Shqip\u00ebri. Ata do t\u00eb parashtrojn\u00eb mendimin e tyre, duke patur parasysh kuadrin ligjor t\u00eb Edi Ram\u00ebs q\u00eb k\u00ebrkon t\u00eb p\u00ebrjashtoj\u00eb kund\u00ebrshtarin. Zgjedhjet e Qeveris\u00eb jan\u00eb tritol dhe SPAK. Revolucioni nuk ndalet\u201d, u shpreh Berisha.<\/p>\n","protected":false},"excerpt":{"rendered":"<p>I ftuar ne \u201cOpinion\u201d Berisha u pyet se si do marre pjese ne zgjedhjet e 6 marsit, kur KQZ njeh PD e Bashes. Berisha u pergjigj duke pohuar: \u201cLulzimi nuk njihet m\u00eb p\u00ebr vul\u00ebn, njihet p\u00ebr brav\u00ebn. Ky \u00ebsht\u00eb nj\u00eb revolucion i pandalsh\u00ebm. Pjes\u00ebmarrja n\u00eb procesin zgjedhor, do jemi aty. Po aplikojm\u00eb standardin e m\u00ebshiruar [&hellip;]<\/p>\n","protected":false},"author":2031,"featured_media":232879,"comment_status":"closed","ping_status":"closed","sticky":false,"template":"","format":"standard","meta":{"footnotes":""},"categories":[231],"tags":[],"class_list":{"0":"post-232878","1":"post","2":"type-post","3":"status-publish","4":"format-standard","5":"has-post-thumbnail","7":"category-lajme"},"_links":{"self":[{"href":"https:\/\/zjarr.tv\/sq\/wp-json\/wp\/v2\/posts\/232878","targetHints":{"allow":["GET"]}}],"collection":[{"href":"https:\/\/zjarr.tv\/sq\/wp-json\/wp\/v2\/posts"}],"about":[{"href":"https:\/\/zjarr.tv\/sq\/wp-json\/wp\/v2\/types\/post"}],"author":[{"embeddable":true,"href":"https:\/\/zjarr.tv\/sq\/wp-json\/wp\/v2\/users\/2031"}],"replies":[{"embeddable":true,"href":"https:\/\/zjarr.tv\/sq\/wp-json\/wp\/v2\/comments?post=232878"}],"version-history":[{"count":0,"href":"https:\/\/zjarr.tv\/sq\/wp-json\/wp\/v2\/posts\/232878\/revisions"}],"wp:featuredmedia":[{"embeddable":true,"href":"https:\/\/zjarr.tv\/sq\/wp-json\/wp\/v2\/media\/232879"}],"wp:attachment":[{"href":"https:\/\/zjarr.tv\/sq\/wp-json\/wp\/v2\/media?parent=232878"}],"wp:term":[{"taxonomy":"category","embeddable":true,"href":"https:\/\/zjarr.tv\/sq\/wp-json\/wp\/v2\/categories?post=232878"},{"taxonomy":"post_tag","embeddable":true,"href":"https:\/\/zjarr.tv\/sq\/wp-json\/wp\/v2\/tags?post=232878"}],"curies":[{"name":"wp","href":"https:\/\/api.w.org\/{rel}","templated":true}]}}