{"id":232883,"date":"2022-01-27T22:00:59","date_gmt":"2022-01-27T21:00:59","guid":{"rendered":"https:\/\/zjarr.tv\/?p=232883"},"modified":"2022-01-27T22:00:59","modified_gmt":"2022-01-27T21:00:59","slug":"mediu-zbulon-negociatat-me-bashen-dhe-berishen-dule-i-prere-nuk-ka-koalicion-per-zgjedhjet-e-6-marsit","status":"publish","type":"post","link":"https:\/\/zjarr.tv\/sq\/mediu-zbulon-negociatat-me-bashen-dhe-berishen-dule-i-prere-nuk-ka-koalicion-per-zgjedhjet-e-6-marsit\/","title":{"rendered":"Mediu zbulon \u201cnegociatat\u201d me Bash\u00ebn dhe Berish\u00ebn, Dule i prer\u00eb: Nuk ka koalicion p\u00ebr zgjedhjet e 6 Marsit!"},"content":{"rendered":"<p>Kreu i Partis\u00eb Republikane Fatmir Mediu foli mbr\u00ebmjen e sotme p\u00ebr zgjedhjet e pjesshme, t\u00eb cilaty do t\u00eb mbahen n\u00eb 6 Mars n\u00eb 6 bashki t\u00eb vendit.<\/p>\n<p>Ai ka zbuluar gjat\u00eb nj\u00eb interviste n\u00eb \u201cABC News\u201d se pak dit\u00eb m\u00eb par\u00eb jan\u00eb takuar me dy kahet e ndryshme q\u00eb jan\u00eb krijuar brenda Partis\u00eb Demokratike. Konkretisht n\u00eb radh\u00ebt e mb\u00ebshtet\u00ebsve t\u00eb Bash\u00ebs, aleat\u00ebt kan\u00eb pasur nj\u00eb takim me kreun e grupit parlamentar Enkelejd Alibeaj, nd\u00ebrsa n\u00eb kampin tjet\u00ebr jan\u00eb pritur nga vet\u00eb Berisha por edhe nga Oerd Bylykbashi.<\/p>\n<p>\u201cAlibeaj \u00ebsht\u00eb marr\u00eb me negociatat. M\u00eb ka takuar edhe mua edhe zotin Duka. E kemi th\u00ebn\u00eb n\u00eb takim q\u00eb nuk \u00ebsht\u00eb normale t\u00eb ndahet PD sepse kjo \u00ebsht\u00eb nj\u00eb kosto mbi Shkodr\u00ebn dhe n\u00eb zgjedhjet e ardhshme. N\u00eb pal\u00ebn tjet\u00ebr jemi takuar edhe me zotin Berisha edhe me zotin Bylykbashi. Bindja ime politike ka qen\u00eb gjithmon\u00eb p\u00ebr nj\u00eb kandidat t\u00eb p\u00ebrbashk\u00ebt. Sidomos para nj\u00eb regjimi t\u00eb till\u00eb\u201d, u shpreh Mediu.<\/p>\n<p>Nd\u00ebrkoh\u00eb, kreu i PBDNJ Vangjel Dule hodhi posht\u00eb mund\u00ebsin\u00eb p\u00ebr t\u00eb krijuar koalicion, duke theksuar se nuk ka pasur asnj\u00eb takim me aleat\u00ebt n\u00eb k\u00ebt\u00eb nivel q\u00eb para zgjedhjeve t\u00eb 25 Prillit.<\/p>\n<p>\u201cMe Bash\u00ebn apo Berish\u00ebn? Kjo \u00ebsht\u00eb \u00e7\u00ebshtje e Partis\u00eb Demokratike. Kandidaturat e grupimit t\u00eb Berish\u00ebs apo Bash\u00ebs n\u00eb plot\u00ebsim t\u00eb misionit t\u00eb opozit\u00ebs, po. Kjo \u00ebsht\u00eb \u00e7\u00ebshtje q\u00eb lidhet me objektivin. Ku ka pasur koalicion dhe bashk\u00ebpunim?! E kam th\u00ebn\u00eb n\u00eb k\u00ebt\u00eb studio q\u00eb nj\u00eb muaj e gjysm\u00eb para zgjedhjeve q\u00eb nuk ka pasur asnj\u00eb kontakt n\u00eb nivel koalicioni. Pasi zgjedhjeve nuk ka pasur\u201d, tha Dule.<\/p>\n","protected":false},"excerpt":{"rendered":"<p>Kreu i Partis\u00eb Republikane Fatmir Mediu foli mbr\u00ebmjen e sotme p\u00ebr zgjedhjet e pjesshme, t\u00eb cilaty do t\u00eb mbahen n\u00eb 6 Mars n\u00eb 6 bashki t\u00eb vendit. Ai ka zbuluar gjat\u00eb nj\u00eb interviste n\u00eb \u201cABC News\u201d se pak dit\u00eb m\u00eb par\u00eb jan\u00eb takuar me dy kahet e ndryshme q\u00eb jan\u00eb krijuar brenda Partis\u00eb Demokratike. Konkretisht [&hellip;]<\/p>\n","protected":false},"author":2031,"featured_media":232884,"comment_status":"closed","ping_status":"closed","sticky":false,"template":"","format":"standard","meta":{"footnotes":""},"categories":[231],"tags":[],"class_list":{"0":"post-232883","1":"post","2":"type-post","3":"status-publish","4":"format-standard","5":"has-post-thumbnail","7":"category-lajme"},"_links":{"self":[{"href":"https:\/\/zjarr.tv\/sq\/wp-json\/wp\/v2\/posts\/232883","targetHints":{"allow":["GET"]}}],"collection":[{"href":"https:\/\/zjarr.tv\/sq\/wp-json\/wp\/v2\/posts"}],"about":[{"href":"https:\/\/zjarr.tv\/sq\/wp-json\/wp\/v2\/types\/post"}],"author":[{"embeddable":true,"href":"https:\/\/zjarr.tv\/sq\/wp-json\/wp\/v2\/users\/2031"}],"replies":[{"embeddable":true,"href":"https:\/\/zjarr.tv\/sq\/wp-json\/wp\/v2\/comments?post=232883"}],"version-history":[{"count":0,"href":"https:\/\/zjarr.tv\/sq\/wp-json\/wp\/v2\/posts\/232883\/revisions"}],"wp:featuredmedia":[{"embeddable":true,"href":"https:\/\/zjarr.tv\/sq\/wp-json\/wp\/v2\/media\/232884"}],"wp:attachment":[{"href":"https:\/\/zjarr.tv\/sq\/wp-json\/wp\/v2\/media?parent=232883"}],"wp:term":[{"taxonomy":"category","embeddable":true,"href":"https:\/\/zjarr.tv\/sq\/wp-json\/wp\/v2\/categories?post=232883"},{"taxonomy":"post_tag","embeddable":true,"href":"https:\/\/zjarr.tv\/sq\/wp-json\/wp\/v2\/tags?post=232883"}],"curies":[{"name":"wp","href":"https:\/\/api.w.org\/{rel}","templated":true}]}}