{"id":232894,"date":"2022-01-28T11:16:01","date_gmt":"2022-01-28T10:16:01","guid":{"rendered":"https:\/\/zjarr.tv\/?p=232894"},"modified":"2022-01-28T11:16:01","modified_gmt":"2022-01-28T10:16:01","slug":"ervin-salianji-paralajmeron-lulzim-bashen-jep-doreheqjen-nese-humb-zgjedhjet","status":"publish","type":"post","link":"https:\/\/zjarr.tv\/sq\/ervin-salianji-paralajmeron-lulzim-bashen-jep-doreheqjen-nese-humb-zgjedhjet\/","title":{"rendered":"Ervin Salianji paralajm\u00ebron Lulzim Bash\u00ebn: Jep dor\u00ebheqjen n\u00ebse humb zgjedhjet"},"content":{"rendered":"<p>N\u00eb \u2018Top Talk\u2019 dit\u00ebn e djeshme ishte i ftuar n\u00eb nj\u00eb lidhje live deputeti i Partis\u00eb Demokratike, Ervin Salianji.<\/p>\n<p>Deputeti dhe mb\u00ebshtet\u00ebsi i Bash\u00ebs n\u00eb k\u00ebt\u00eb \u2018betej\u00eb politike\u2019 n\u00eb kampin blu, Salianji i ka b\u00ebr\u00eb nj\u00eb paralajm\u00ebrim jo t\u00eb drejtp\u00ebrdrejt\u00eb kryedemokratit, duke th\u00ebn\u00eb se n\u00ebse Basha humb zgjedhjet do t\u00eb largohet!<\/p>\n<p>Denis Dyrnjaja: N\u00ebse humbet shumica prej 6 bashkive konsiderohet kjo nj\u00eb humbje p\u00ebr PD dhe duhet ripar\u00eb pastaj statusi i Kryetarit Lulzim Basha?<\/p>\n<p>Ervin Salianji: Nuk do t\u00eb humb PD, nuk jan\u00eb nj\u00eb gar\u00eb p\u00ebr kryetarin e PD. U tha k\u00ebshtu edhe para 25 prillit dhe zgjedhjet u vodh\u00ebn dhe reagimi i par\u00eb publik p\u00ebr masakr\u00ebn zgjedhore ka qen\u00eb i Berish\u00ebs. Pa diskutim q\u00eb i q\u00ebndrojm\u00eb t\u00eb gjith\u00eb elementeve! Nuk k\u00ebrkohet kurr\u00eb faji te ai q\u00eb vodhi. Kur vjen t\u00eb vjedh dikush kemi krijuar instrumentat, kodi penal, gjykatat, policit\u00eb, t\u00eb cilat izolojn\u00eb ato q\u00eb vjedhin, nuk i k\u00ebrkohet llogari t\u00eb vjedhurit! Kur ka shoq\u00ebri q\u00eb ka autokraci pa diskutim q\u00eb opozita q\u00ebndron p\u00ebr garantimin e zgjedhjeve dhe kryetari i nj\u00eb partie politike, n\u00eb opozit\u00eb ose jo, n\u00eb qeverisje, n\u00ebse humb zgjedhjet t\u00eb lira dhe t\u00eb ndershme \u00ebsht\u00eb parim demokratik n\u00eb gjith\u00eb bot\u00ebn edhe k\u00ebtu ku duam ti ngjajm\u00eb bot\u00ebs per\u00ebndimore, jep dor\u00ebheqjen!<\/p>\n<p>N\u00eb Kuvendin e 18 dhjetorit e kam th\u00ebn\u00eb qart\u00eb q\u00eb PD nuk ka ditur t\u00eb lexoj\u00eb refuzimin q\u00eb i ka b\u00ebr\u00eb elektorati, p\u00ebrtej k\u00ebtyre element\u00ebve dhe PD duhet t\u00eb p\u00ebrmir\u00ebsohet p\u00ebr ti shkuar shoq\u00ebris\u00eb me nj\u00eb ofert\u00eb politike q\u00eb pranohet. Duhet b\u00ebr\u00eb nj\u00eb parti q\u00eb vendos interes primar interesin e Shqip\u00ebris\u00eb dhe shoq\u00ebris\u00eb. \u00cbsht\u00eb nj\u00eb proces q\u00eb ka filluar dhe po nd\u00ebrtohet dhe do t\u00eb nd\u00ebrtohet e do t\u00eb kemi nj\u00eb ofert\u00eb m\u00eb t\u00eb mir\u00eb n\u00eb zgjedhjet e ardhshme.<\/p>\n","protected":false},"excerpt":{"rendered":"<p>N\u00eb \u2018Top Talk\u2019 dit\u00ebn e djeshme ishte i ftuar n\u00eb nj\u00eb lidhje live deputeti i Partis\u00eb Demokratike, Ervin Salianji. Deputeti dhe mb\u00ebshtet\u00ebsi i Bash\u00ebs n\u00eb k\u00ebt\u00eb \u2018betej\u00eb politike\u2019 n\u00eb kampin blu, Salianji i ka b\u00ebr\u00eb nj\u00eb paralajm\u00ebrim jo t\u00eb drejtp\u00ebrdrejt\u00eb kryedemokratit, duke th\u00ebn\u00eb se n\u00ebse Basha humb zgjedhjet do t\u00eb largohet! Denis Dyrnjaja: N\u00ebse humbet [&hellip;]<\/p>\n","protected":false},"author":2030,"featured_media":232895,"comment_status":"closed","ping_status":"closed","sticky":false,"template":"","format":"standard","meta":{"footnotes":""},"categories":[241,231,1454],"tags":[],"class_list":{"0":"post-232894","1":"post","2":"type-post","3":"status-publish","4":"format-standard","5":"has-post-thumbnail","7":"category-aktualitet","8":"category-lajme","9":"category-politike"},"_links":{"self":[{"href":"https:\/\/zjarr.tv\/sq\/wp-json\/wp\/v2\/posts\/232894","targetHints":{"allow":["GET"]}}],"collection":[{"href":"https:\/\/zjarr.tv\/sq\/wp-json\/wp\/v2\/posts"}],"about":[{"href":"https:\/\/zjarr.tv\/sq\/wp-json\/wp\/v2\/types\/post"}],"author":[{"embeddable":true,"href":"https:\/\/zjarr.tv\/sq\/wp-json\/wp\/v2\/users\/2030"}],"replies":[{"embeddable":true,"href":"https:\/\/zjarr.tv\/sq\/wp-json\/wp\/v2\/comments?post=232894"}],"version-history":[{"count":0,"href":"https:\/\/zjarr.tv\/sq\/wp-json\/wp\/v2\/posts\/232894\/revisions"}],"wp:featuredmedia":[{"embeddable":true,"href":"https:\/\/zjarr.tv\/sq\/wp-json\/wp\/v2\/media\/232895"}],"wp:attachment":[{"href":"https:\/\/zjarr.tv\/sq\/wp-json\/wp\/v2\/media?parent=232894"}],"wp:term":[{"taxonomy":"category","embeddable":true,"href":"https:\/\/zjarr.tv\/sq\/wp-json\/wp\/v2\/categories?post=232894"},{"taxonomy":"post_tag","embeddable":true,"href":"https:\/\/zjarr.tv\/sq\/wp-json\/wp\/v2\/tags?post=232894"}],"curies":[{"name":"wp","href":"https:\/\/api.w.org\/{rel}","templated":true}]}}