{"id":232938,"date":"2022-01-28T12:23:31","date_gmt":"2022-01-28T11:23:31","guid":{"rendered":"https:\/\/zjarr.tv\/?p=232938"},"modified":"2022-01-28T12:23:31","modified_gmt":"2022-01-28T11:23:31","slug":"te-behen-gati-do-ballafaqohen-me-mua-meta-paralajmeron-ramen-dhe-bashen-koalicioni-bravo-brava-dhe-ina-ina-te-kete-kujdes-nuk-ka-borxh-qe-nuk","status":"publish","type":"post","link":"https:\/\/zjarr.tv\/sq\/te-behen-gati-do-ballafaqohen-me-mua-meta-paralajmeron-ramen-dhe-bashen-koalicioni-bravo-brava-dhe-ina-ina-te-kete-kujdes-nuk-ka-borxh-qe-nuk\/","title":{"rendered":"\u201cT\u00eb b\u00ebhen gati, do ballafaqohen me mua\u201d, Meta paralajm\u00ebron Ram\u00ebn dhe Bash\u00ebn: Koalicioni \u201cBravo-Brava\u201d dhe \u201cIna-Ina\u201d t\u00eb ket\u00eb kujdes, nuk ka borxh q\u00eb nuk paguhet"},"content":{"rendered":"<p>N\u00eb nj\u00eb konferenc\u00eb urgjente p\u00ebr mediat, ku foli kryesisht p\u00ebr rrezikun e rritjes s\u00eb lart\u00eb t\u00eb borxhit publik, Meta ka sulmuar edhe kryeministrin Edi Rama dhe kryedemokratin Lulzim Basha duke i etiketuar me togfjal\u00ebshin \u201cBravo-Brava\u201d.<\/p>\n<p>Meta tha i paralajm\u00ebroi q\u00eb t\u00eb kishin kujdes sepse do t\u00eb ballafaqoheshin me t\u00eb. Nd\u00ebrsa shtoi se ballafaqimi i par\u00eb do t\u00eb ishte jo m\u00eb larg se nj\u00eb vit m\u00eb von\u00eb n\u00eb zgjedhjet e rregullta vendore.<\/p>\n<p><strong>Presidenti, Ilir Meta:<\/strong>\u00a0<em>Shoh nj\u00eb d\u00ebshir\u00eb t\u00eb madhe p\u00ebr t\u00eb m\u00eb p\u00ebrfshir\u00eb n\u00eb nj\u00eb gar\u00eb. Un\u00eb nuk kam mund\u00ebsi as t\u00eb otoj n\u00eb k\u00ebto zgjedhje si qytetar sepse i takoj bashkis\u00eb s\u00eb Tiran\u00ebs. Por si\u00e7 do marr\u00eb fund koha e gallatave me financat dhe borxhin p\u00ebr t\u00eb bler\u00eb profesionalizmin tuaj p\u00ebrmes presioneve t\u00eb p\u00ebrdorura ndaj pronar\u00ebve, sepse e keni d\u00ebgjuar togfjal\u00ebshin \u201ct\u00eb kontrollojm\u00eb edhe ishullin e fundit\u201d. Prandaj edhe shum\u00eb biznesmen\u00eb serioz\u00eb po largohen nga Shqip\u00ebria. K\u00ebshtu do p\u00ebrfundoj\u00eb edhe koha e ndeshjeve t\u00eb shitura pa filluar Un\u00eb nuk kam qen\u00eb n\u00eb asnj\u00eb gar\u00eb, por meqen\u00ebse duan t\u00eb m\u00eb p\u00ebrfshijn\u00eb me pahir.<\/em><\/p>\n<p><em>Po i paralajm\u00ebroj me qet\u00ebsi se jan\u00eb shqet\u00ebsuar p\u00ebr poezit\u00eb e mia. Un\u00eb do marr pjes\u00eb n\u00eb gare\u00eb, t\u00eb b\u00ebhen gati se pas ballafaqimit t\u00eb par\u00eb i cili do jet\u00eb m\u00eb e larg\u00ebta n\u00eb nj\u00eb vit q\u00eb jan\u00eb zgjedhjet vendore, koalicioni \u201cBravo Brava\u201d q\u00eb ka 8 vite q\u00eb qeveris\u00eb n\u00eb Shqip\u00ebri dhe e di teat\u00ebr politik\u00ebn, do i recitoj nj\u00eb poezi q\u00eb e ka b\u00ebr\u00eb vet\u00eb shefi i koalicionit \u201cBravo Brava\u201d. <\/em><em>Ua thash\u00eb dhe po ua p\u00ebrs\u00ebris, poezin\u00eb e shefit t\u00eb koalicionit bravo-brava, ina-ina, do ta d\u00ebgjojn\u00eb brenda pak koh\u00ebsh, t\u00eb ken\u00eb kujdes, se nuk ka borxh q\u00eb nuk paguhet.<\/em><\/p>\n","protected":false},"excerpt":{"rendered":"<p>N\u00eb nj\u00eb konferenc\u00eb urgjente p\u00ebr mediat, ku foli kryesisht p\u00ebr rrezikun e rritjes s\u00eb lart\u00eb t\u00eb borxhit publik, Meta ka sulmuar edhe kryeministrin Edi Rama dhe kryedemokratin Lulzim Basha duke i etiketuar me togfjal\u00ebshin \u201cBravo-Brava\u201d. Meta tha i paralajm\u00ebroi q\u00eb t\u00eb kishin kujdes sepse do t\u00eb ballafaqoheshin me t\u00eb. Nd\u00ebrsa shtoi se ballafaqimi i par\u00eb [&hellip;]<\/p>\n","protected":false},"author":2020,"featured_media":232939,"comment_status":"closed","ping_status":"closed","sticky":false,"template":"","format":"standard","meta":{"footnotes":""},"categories":[241,5380,231],"tags":[],"class_list":{"0":"post-232938","1":"post","2":"type-post","3":"status-publish","4":"format-standard","5":"has-post-thumbnail","7":"category-aktualitet","8":"category-kryesore","9":"category-lajme"},"_links":{"self":[{"href":"https:\/\/zjarr.tv\/sq\/wp-json\/wp\/v2\/posts\/232938","targetHints":{"allow":["GET"]}}],"collection":[{"href":"https:\/\/zjarr.tv\/sq\/wp-json\/wp\/v2\/posts"}],"about":[{"href":"https:\/\/zjarr.tv\/sq\/wp-json\/wp\/v2\/types\/post"}],"author":[{"embeddable":true,"href":"https:\/\/zjarr.tv\/sq\/wp-json\/wp\/v2\/users\/2020"}],"replies":[{"embeddable":true,"href":"https:\/\/zjarr.tv\/sq\/wp-json\/wp\/v2\/comments?post=232938"}],"version-history":[{"count":0,"href":"https:\/\/zjarr.tv\/sq\/wp-json\/wp\/v2\/posts\/232938\/revisions"}],"wp:featuredmedia":[{"embeddable":true,"href":"https:\/\/zjarr.tv\/sq\/wp-json\/wp\/v2\/media\/232939"}],"wp:attachment":[{"href":"https:\/\/zjarr.tv\/sq\/wp-json\/wp\/v2\/media?parent=232938"}],"wp:term":[{"taxonomy":"category","embeddable":true,"href":"https:\/\/zjarr.tv\/sq\/wp-json\/wp\/v2\/categories?post=232938"},{"taxonomy":"post_tag","embeddable":true,"href":"https:\/\/zjarr.tv\/sq\/wp-json\/wp\/v2\/tags?post=232938"}],"curies":[{"name":"wp","href":"https:\/\/api.w.org\/{rel}","templated":true}]}}