{"id":232943,"date":"2022-01-28T12:32:31","date_gmt":"2022-01-28T11:32:31","guid":{"rendered":"https:\/\/zjarr.tv\/?p=232943"},"modified":"2022-01-28T12:32:31","modified_gmt":"2022-01-28T11:32:31","slug":"turp-per-te-rinjte-qe-u-diplomuan-jashte-moren-para-nga-vendi-i-tyre-rama-i-prere-nuk-do-financojme-me-ata-qe-ikin-fondi-per-ekselentet-do-te","status":"publish","type":"post","link":"https:\/\/zjarr.tv\/sq\/turp-per-te-rinjte-qe-u-diplomuan-jashte-moren-para-nga-vendi-i-tyre-rama-i-prere-nuk-do-financojme-me-ata-qe-ikin-fondi-per-ekselentet-do-te\/","title":{"rendered":"\u201cTurp p\u00ebr t\u00eb rinjt\u00eb q\u00eb u diplomuan jasht\u00eb, mor\u00ebn para nga vendi i tyre\u201d, Rama i prer\u00eb: Nuk do financojm\u00eb m\u00eb ata q\u00eb ikin, fondi p\u00ebr ekselent\u00ebt do t\u00eb\u2026"},"content":{"rendered":"<p><strong>Rama<\/strong>:Sot n\u00eb nj\u00eb diskutim me ministren e Arsimit po pregatisim spostimin e nj\u00eb fondi t\u00eb konsideruesh\u00ebm t\u00eb ekselenc\u00ebs nga pagesat p\u00ebr ata q\u00eb ikin jasht\u00eb e nuk kthehen m\u00eb n\u00eb Shqip\u00ebri pavarisht kontrat\u00ebs me shtetin shqiptar, dhjetra mij\u00ebra euro q\u00eb paguhen p\u00ebr ta, tek burimet e brendshme.<\/p>\n<p>E po strukturojm\u00eb nj\u00eb politik\u00eb t\u00eb re q\u00eb do mb\u00ebshtes\u00eb k\u00ebtu student\u00ebt me xixa dhe pedagog\u00ebt e rinj p\u00ebr t\u00eb gjith\u00eb ciklin, p\u00ebr studimet, p\u00ebr masterat, doktoraturat e k\u00ebshtu me radh\u00eb me kushtin q\u00eb t\u00eb q\u00ebndrojn\u00eb n\u00eb Shqip\u00ebri t\u00eb pakt\u00ebn nj\u00eb periudh\u00eb kohe e t\u00eb kthejn\u00eb detyrimin.<\/p>\n<p>Se fondi i ekselenc\u00ebs q\u00eb deri m\u00eb sot ka mund\u00ebsuar diplomimin n\u00eb universitetet m\u00eb t\u00eb mira t\u00eb bot\u00ebs \u00ebsht\u00eb shum\u00eb i konsideruesh\u00ebm e \u00ebsht\u00eb krijuar me d\u00ebshir\u00ebn e mir\u00eb dhe vizionin q\u00eb k\u00ebta t\u00eb rinj t\u00eb ktheheshin e t\u00eb kontribuonin n\u00eb vend.<\/p>\n<p>T\u00eb rinjt\u00eb q\u00eb kan\u00eb marr\u00eb diploma n\u00eb universitetet m\u00eb t\u00eb njohura t\u00eb bot\u00ebs duhet t\u00eb ken\u00eb turp p\u00ebr faktin q\u00eb kan\u00eb marr\u00eb nj\u00eb angazhim n\u00eb vendin e tyre kan\u00eb marr\u00eb para nga vendi i tyre e kan\u00eb marr\u00eb p\u00ebrsip\u00ebr detyrimin t\u00eb kthehen p\u00ebr nj\u00eb periudh\u00eb t\u00eb caktuar e ta sjellin k\u00ebtu nj\u00eb pjes\u00eb t\u00eb asaj dije q\u00eb kan\u00eb mar\u00eb n\u00eb funksion t\u00eb k\u00ebsaj shoq\u00ebrie e nd\u00ebrkoh\u00eb kjo nuk ka ndodhur.<\/p>\n<p>At\u00ebher\u00eb ne nuk do vazhdojm\u00eb m\u00eb t\u00eb financojm\u00eb, ata q\u00eb ikin, p\u00ebr t\u00eb mos u kthyer pavar\u00ebsisht se firmosin me shtetin shqiptar, por do ndrysho\u00eb kahjen e k\u00ebtij fondi. Ne kemi pedagoge shume te mire, por ngaqe jan\u00eb b\u00ebr\u00eb t\u00eb gjith\u00eb si k\u00ebmb\u00ebt e dhis\u00eb, s\u2019merr vesh i pari t\u00eb dyt\u00ebt edhe mbi k\u00ebta njer\u00ebz q\u00eb jan\u00eb kaq t\u00eb cmuar p\u00ebr vendin bie nj\u00eb hije dyshimi dhe refuzimi p\u00ebr autoritetin e tyre. Ky \u00ebsht\u00eb procesi q\u00eb po nd\u00ebrtojm\u00eb hap pas hapi e t\u00eb jeni t\u00eb bindur q\u00eb do jemi n\u00eb krah t\u00eb universiteteve.<\/p>\n","protected":false},"excerpt":{"rendered":"<p>Rama:Sot n\u00eb nj\u00eb diskutim me ministren e Arsimit po pregatisim spostimin e nj\u00eb fondi t\u00eb konsideruesh\u00ebm t\u00eb ekselenc\u00ebs nga pagesat p\u00ebr ata q\u00eb ikin jasht\u00eb e nuk kthehen m\u00eb n\u00eb Shqip\u00ebri pavarisht kontrat\u00ebs me shtetin shqiptar, dhjetra mij\u00ebra euro q\u00eb paguhen p\u00ebr ta, tek burimet e brendshme. E po strukturojm\u00eb nj\u00eb politik\u00eb t\u00eb re q\u00eb [&hellip;]<\/p>\n","protected":false},"author":2020,"featured_media":232944,"comment_status":"closed","ping_status":"closed","sticky":false,"template":"","format":"standard","meta":{"footnotes":""},"categories":[241,5380,231],"tags":[],"class_list":{"0":"post-232943","1":"post","2":"type-post","3":"status-publish","4":"format-standard","5":"has-post-thumbnail","7":"category-aktualitet","8":"category-kryesore","9":"category-lajme"},"_links":{"self":[{"href":"https:\/\/zjarr.tv\/sq\/wp-json\/wp\/v2\/posts\/232943","targetHints":{"allow":["GET"]}}],"collection":[{"href":"https:\/\/zjarr.tv\/sq\/wp-json\/wp\/v2\/posts"}],"about":[{"href":"https:\/\/zjarr.tv\/sq\/wp-json\/wp\/v2\/types\/post"}],"author":[{"embeddable":true,"href":"https:\/\/zjarr.tv\/sq\/wp-json\/wp\/v2\/users\/2020"}],"replies":[{"embeddable":true,"href":"https:\/\/zjarr.tv\/sq\/wp-json\/wp\/v2\/comments?post=232943"}],"version-history":[{"count":0,"href":"https:\/\/zjarr.tv\/sq\/wp-json\/wp\/v2\/posts\/232943\/revisions"}],"wp:featuredmedia":[{"embeddable":true,"href":"https:\/\/zjarr.tv\/sq\/wp-json\/wp\/v2\/media\/232944"}],"wp:attachment":[{"href":"https:\/\/zjarr.tv\/sq\/wp-json\/wp\/v2\/media?parent=232943"}],"wp:term":[{"taxonomy":"category","embeddable":true,"href":"https:\/\/zjarr.tv\/sq\/wp-json\/wp\/v2\/categories?post=232943"},{"taxonomy":"post_tag","embeddable":true,"href":"https:\/\/zjarr.tv\/sq\/wp-json\/wp\/v2\/tags?post=232943"}],"curies":[{"name":"wp","href":"https:\/\/api.w.org\/{rel}","templated":true}]}}