{"id":233201,"date":"2022-01-29T12:04:18","date_gmt":"2022-01-29T11:04:18","guid":{"rendered":"https:\/\/zjarr.tv\/?p=233201"},"modified":"2022-01-29T12:04:18","modified_gmt":"2022-01-29T11:04:18","slug":"nard-ndoka-con-shkresen-ne-kqz-futet-ne-gare-per-zgjedhjet-e-6-marsit","status":"publish","type":"post","link":"https:\/\/zjarr.tv\/sq\/nard-ndoka-con-shkresen-ne-kqz-futet-ne-gare-per-zgjedhjet-e-6-marsit\/","title":{"rendered":"Nard Ndoka \u00e7on shkres\u00ebn n\u00eb KQZ, futet n\u00eb gar\u00eb p\u00ebr zgjedhjet e 6 marsit"},"content":{"rendered":"<p>Partia Demokristiane e politikanit Nard Ndoka, depoziton zyrtarisht k\u00ebrkes\u00eb n\u00eb KQZ p\u00ebr t\u00eb marr\u00eb pjes\u00eb n\u00eb zgjedhjet e pjesshme t\u00eb 6 marsit. Shkresa \u00ebsht\u00eb protokolluar sot m\u00eb dat\u00eb 29 janar dhe \u00ebsht\u00eb d\u00ebrguar n\u00eb institucionin p\u00ebrgjegj\u00ebs p\u00ebr organizimin dhe mbajtjen e zgjedhjeve.<\/p>\n<p>PDK \u00ebsht\u00eb partia e kat\u00ebrt q\u00eb regjistrohet n\u00eb k\u00ebto zgjedhje, pas LSI-s\u00eb PS dhe PD-s\u00eb. Partia Socialiste dhe Partia Demokratike u regjistruan n\u00eb zgjedhje m\u00eb dat\u00ebn 25 janar, nd\u00ebrsa LSI u regjistrua nj\u00eb dit\u00eb m\u00eb par\u00eb.\u00a0 Afati i fundit p\u00ebr t\u00eb depozituar k\u00ebrkes\u00ebn p\u00ebr regjistrimin n\u00eb zgjedhjet e pjesshme vendore \u00ebsht\u00eb 31 janari.<\/p>\n<p><img loading=\"lazy\" decoding=\"async\" class=\"alignnone size-medium wp-image-233203\" src=\"https:\/\/zjarr.tv\/wp-content\/uploads\/2022\/01\/Untitled-design-2022-01-29T120319.998-300x251.jpg\" alt=\"\" width=\"300\" height=\"251\" \/><\/p>\n","protected":false},"excerpt":{"rendered":"<p>Partia Demokristiane e politikanit Nard Ndoka, depoziton zyrtarisht k\u00ebrkes\u00eb n\u00eb KQZ p\u00ebr t\u00eb marr\u00eb pjes\u00eb n\u00eb zgjedhjet e pjesshme t\u00eb 6 marsit. Shkresa \u00ebsht\u00eb protokolluar sot m\u00eb dat\u00eb 29 janar dhe \u00ebsht\u00eb d\u00ebrguar n\u00eb institucionin p\u00ebrgjegj\u00ebs p\u00ebr organizimin dhe mbajtjen e zgjedhjeve. PDK \u00ebsht\u00eb partia e kat\u00ebrt q\u00eb regjistrohet n\u00eb k\u00ebto zgjedhje, pas LSI-s\u00eb PS [&hellip;]<\/p>\n","protected":false},"author":2030,"featured_media":189950,"comment_status":"closed","ping_status":"closed","sticky":false,"template":"","format":"standard","meta":{"footnotes":""},"categories":[241,231,1454],"tags":[],"class_list":{"0":"post-233201","1":"post","2":"type-post","3":"status-publish","4":"format-standard","5":"has-post-thumbnail","7":"category-aktualitet","8":"category-lajme","9":"category-politike"},"_links":{"self":[{"href":"https:\/\/zjarr.tv\/sq\/wp-json\/wp\/v2\/posts\/233201","targetHints":{"allow":["GET"]}}],"collection":[{"href":"https:\/\/zjarr.tv\/sq\/wp-json\/wp\/v2\/posts"}],"about":[{"href":"https:\/\/zjarr.tv\/sq\/wp-json\/wp\/v2\/types\/post"}],"author":[{"embeddable":true,"href":"https:\/\/zjarr.tv\/sq\/wp-json\/wp\/v2\/users\/2030"}],"replies":[{"embeddable":true,"href":"https:\/\/zjarr.tv\/sq\/wp-json\/wp\/v2\/comments?post=233201"}],"version-history":[{"count":0,"href":"https:\/\/zjarr.tv\/sq\/wp-json\/wp\/v2\/posts\/233201\/revisions"}],"wp:featuredmedia":[{"embeddable":true,"href":"https:\/\/zjarr.tv\/sq\/wp-json\/wp\/v2\/media\/189950"}],"wp:attachment":[{"href":"https:\/\/zjarr.tv\/sq\/wp-json\/wp\/v2\/media?parent=233201"}],"wp:term":[{"taxonomy":"category","embeddable":true,"href":"https:\/\/zjarr.tv\/sq\/wp-json\/wp\/v2\/categories?post=233201"},{"taxonomy":"post_tag","embeddable":true,"href":"https:\/\/zjarr.tv\/sq\/wp-json\/wp\/v2\/tags?post=233201"}],"curies":[{"name":"wp","href":"https:\/\/api.w.org\/{rel}","templated":true}]}}