{"id":233213,"date":"2022-01-29T12:09:21","date_gmt":"2022-01-29T11:09:21","guid":{"rendered":"https:\/\/zjarr.tv\/?p=233213"},"modified":"2022-01-29T12:09:21","modified_gmt":"2022-01-29T11:09:21","slug":"borxhi-publik-shqeteson-presidentin-meta-e-merr-per-tu-permiresuar-dhe-jo-per-tu-perkeqesuar-ne-vendin-tone-ndodh-e-kunderta","status":"publish","type":"post","link":"https:\/\/zjarr.tv\/sq\/borxhi-publik-shqeteson-presidentin-meta-e-merr-per-tu-permiresuar-dhe-jo-per-tu-perkeqesuar-ne-vendin-tone-ndodh-e-kunderta\/","title":{"rendered":"Borxhi publik shqet\u00ebson Presidentin, Meta: E merr p\u00ebr t\u2019u p\u00ebrmir\u00ebsuar dhe jo p\u00ebr t\u2019u p\u00ebrkeq\u00ebsuar! N\u00eb vendin ton\u00eb ndodh e kund\u00ebrta"},"content":{"rendered":"<p>Presidenti Ilir Meta citon nj\u00eb raport t\u00eb nj\u00eb instituti t\u00eb huaj, sipas t\u00eb cilit, brenda dy viteve t\u00eb fundit Shqip\u00ebria ka p\u00ebrkeq\u00ebsuar me tre shkall\u00eb treguesin e prosperitetit, duke r\u00ebn\u00eb n\u00eb vendin e 69-t\u00eb p\u00ebr vitin 2021, nga vendi i 66-t\u00eb, q\u00eb ndodhej n\u00eb 2019.<\/p>\n<p>\u201cN\u00eb terma konkret\u00eb, q\u00ebndrueshm\u00ebria fiskale, dinamizmi ekonomik, fuqia pun\u00ebtore jan\u00eb nd\u00ebr m\u00eb t\u00eb ul\u00ebtat n\u00eb Europ\u00eb. N\u00eb pikiat\u00eb rezultojn\u00eb cil\u00ebsia e qeverisjes, e ekonomis\u00eb, zbatimi i ligjeve, respektimi i t\u00eb drejtave t\u00eb pron\u00ebsis\u00eb, zbatimi i kontratave dhe detyrimeve\u201d, shkruan Meta.<\/p>\n<p>Sh\u00ebnimi i plot\u00eb i Presidentit:<\/p>\n<p>BORXHI PUBLIK N\u00cb MAJ\u00cb, POR PROSPERITETI P\u00cbRTOK\u00cb!<\/p>\n<p>Futesh n\u00eb borxh p\u00ebr t\u2019u p\u00ebrmir\u00ebsuar dhe jo p\u00ebr t\u2019u p\u00ebrkeq\u00ebsuar! N\u00eb t\u00eb kund\u00ebrt ndodh me vendin ton\u00eb. Sipas Indeksit t\u00eb Prosperitetit, t\u00eb p\u00ebrgatitur nga Legatum Institute, institucion i pavarur prestigjoz i p\u00ebrpunimit t\u00eb statistikave q\u00eb vijn\u00eb nga burime t\u00eb besueshme, rezulton se vet\u00ebm brenda dy viteve t\u00eb fundit Shqip\u00ebria ka p\u00ebrkeq\u00ebsuar me tre shkall\u00eb treguesin e prosperitetit, duke r\u00ebn\u00eb n\u00eb vendin e 69-t\u00eb p\u00ebr vitin 2021, nga vendi i 66-t\u00eb, q\u00eb ndodhej n\u00eb 2019.<\/p>\n<p>N\u00eb terma konkret\u00eb, q\u00ebndrueshm\u00ebria fiskale, dinamizmi ekonomik, fuqia pun\u00ebtore jan\u00eb nd\u00ebr m\u00eb t\u00eb ul\u00ebtat n\u00eb Europ\u00eb. N\u00eb pikiat\u00eb rezultojn\u00eb cil\u00ebsia e qeverisjes, e ekonomis\u00eb, zbatimi i ligjeve, respektimi i t\u00eb drejtave t\u00eb pron\u00ebsis\u00eb, zbatimi i kontratave dhe detyrimeve.<\/p>\n<p>Cil\u00ebsia e jet\u00ebs s\u00eb qytetar\u00ebve shqiptar\u00eb ka r\u00ebn\u00eb n\u00eb t\u00ebr\u00ebsi dhe pothuajse jemi nd\u00ebr t\u00eb fundit n\u00eb bot\u00eb p\u00ebr besimin ndaj institucioneve. Gjendja \u00ebsht\u00eb e r\u00ebnd\u00eb dhe p\u00ebrkeq\u00ebsimi nuk ndalet! Reflektimi i menj\u00ebhersh\u00ebm, efektiv dhe i p\u00ebrgjegjsh\u00ebm \u00ebsht\u00eb domosdoshm\u00ebri!<\/p>\n","protected":false},"excerpt":{"rendered":"<p>Presidenti Ilir Meta citon nj\u00eb raport t\u00eb nj\u00eb instituti t\u00eb huaj, sipas t\u00eb cilit, brenda dy viteve t\u00eb fundit Shqip\u00ebria ka p\u00ebrkeq\u00ebsuar me tre shkall\u00eb treguesin e prosperitetit, duke r\u00ebn\u00eb n\u00eb vendin e 69-t\u00eb p\u00ebr vitin 2021, nga vendi i 66-t\u00eb, q\u00eb ndodhej n\u00eb 2019. \u201cN\u00eb terma konkret\u00eb, q\u00ebndrueshm\u00ebria fiskale, dinamizmi ekonomik, fuqia pun\u00ebtore jan\u00eb [&hellip;]<\/p>\n","protected":false},"author":2030,"featured_media":180586,"comment_status":"closed","ping_status":"closed","sticky":false,"template":"","format":"standard","meta":{"footnotes":""},"categories":[241,3366,231,1454],"tags":[],"class_list":{"0":"post-233213","1":"post","2":"type-post","3":"status-publish","4":"format-standard","5":"has-post-thumbnail","7":"category-aktualitet","8":"category-koment","9":"category-lajme","10":"category-politike"},"_links":{"self":[{"href":"https:\/\/zjarr.tv\/sq\/wp-json\/wp\/v2\/posts\/233213","targetHints":{"allow":["GET"]}}],"collection":[{"href":"https:\/\/zjarr.tv\/sq\/wp-json\/wp\/v2\/posts"}],"about":[{"href":"https:\/\/zjarr.tv\/sq\/wp-json\/wp\/v2\/types\/post"}],"author":[{"embeddable":true,"href":"https:\/\/zjarr.tv\/sq\/wp-json\/wp\/v2\/users\/2030"}],"replies":[{"embeddable":true,"href":"https:\/\/zjarr.tv\/sq\/wp-json\/wp\/v2\/comments?post=233213"}],"version-history":[{"count":0,"href":"https:\/\/zjarr.tv\/sq\/wp-json\/wp\/v2\/posts\/233213\/revisions"}],"wp:featuredmedia":[{"embeddable":true,"href":"https:\/\/zjarr.tv\/sq\/wp-json\/wp\/v2\/media\/180586"}],"wp:attachment":[{"href":"https:\/\/zjarr.tv\/sq\/wp-json\/wp\/v2\/media?parent=233213"}],"wp:term":[{"taxonomy":"category","embeddable":true,"href":"https:\/\/zjarr.tv\/sq\/wp-json\/wp\/v2\/categories?post=233213"},{"taxonomy":"post_tag","embeddable":true,"href":"https:\/\/zjarr.tv\/sq\/wp-json\/wp\/v2\/tags?post=233213"}],"curies":[{"name":"wp","href":"https:\/\/api.w.org\/{rel}","templated":true}]}}