{"id":233613,"date":"2022-01-30T17:07:10","date_gmt":"2022-01-30T16:07:10","guid":{"rendered":"https:\/\/zjarr.tv\/?p=233613"},"modified":"2022-01-30T17:07:10","modified_gmt":"2022-01-30T16:07:10","slug":"basha-nuk-eshte-peng-por-spiun-me-mision-te-fshehte-nga-2005-goxhaj-ja-ku-qendron-rendesia-e-lsi-se-ne-zgjedhjet-e-6-marsit","status":"publish","type":"post","link":"https:\/\/zjarr.tv\/sq\/basha-nuk-eshte-peng-por-spiun-me-mision-te-fshehte-nga-2005-goxhaj-ja-ku-qendron-rendesia-e-lsi-se-ne-zgjedhjet-e-6-marsit\/","title":{"rendered":"\u201cBasha nuk \u00ebsht\u00eb peng por spiun me mision t\u00eb fsheht\u00eb nga 2005\u201d, Goxhaj: Ja ku q\u00ebndron r\u00ebnd\u00ebsia e LSI-s\u00eb n\u00eb zgjedhjet e 6 marsit"},"content":{"rendered":"<p>Avokati Altin Goxha n\u00eb nj\u00eb lidhje \u201cskype\u201d me studion e Fax News ka folur mbi zgjedhjet e pjesshme lokale t\u00eb 6 marsit t\u00eb cilat do t\u00eb mbahen n\u00eb 6 bashki t\u00eb vendit. Goxhaj i konsideroi k\u00ebto zgjedhje si shum\u00eb t\u00eb r\u00ebnd\u00ebsishme p\u00ebr shkak se tashm\u00eb opozita mund t\u00eb kishte n\u00eb krah nj\u00eb zyrtar konkret pra n\u00eb rast se nj\u00ebri prej kandidat\u00ebve t\u00eb tyre do t\u00eb zgjidhej kryetar bashkie.<\/p>\n<p>Nd\u00ebr t\u00eb tjera, avokati foli edhe p\u00ebr Bash\u00ebn p\u00ebr t\u00eb cilin tha se nuk ishte \u201d peng\u201d por nj\u00eb \u201cspiun\u201d i ardhur me mision t\u00eb fsheht\u00eb n\u00eb Shqip\u00ebri q\u00eb n\u00eb vitin 2005.<\/p>\n<p>Nd\u00ebrsa sa i p\u00ebrket r\u00ebnd\u00ebsis\u00eb s\u00eb LSI-s\u00eb n\u00eb k\u00ebto zgjedhje, Goxhaj e vuri theksin tek prania e komisioner\u00ebve dhe num\u00ebruesve t\u00eb k\u00ebsaj partie n\u00eb qendrat e votimit sepse k\u00ebta t\u00eb fundit nuk do lejonin q\u00eb t\u00eb kishte shkelje nga qeveria dhe nga Basha.<\/p>\n<p>Goxhaj mbi \u201cprimaret\u201d n\u00eb PD: Un\u00eb e kam p\u00ebrkufizuar ngjarjen e sotme edhe si nj\u00eb antidot t\u00eb asaj q\u00eb b\u00ebn Lul Basha. Se kam th\u00ebn\u00eb q\u00eb Basha mezi pret zgjedhjet q\u00eb t\u00eb marr\u00eb lek\u00eb. Durr\u00ebsit mbetet qyteti m\u00eb indiferent por mund t\u00eb them se kishte kandidat\u00eb t\u00eb mir\u00eb, intelektual\u00eb.<\/p>\n<p>Pyetje: PD nuk e njeh k\u00ebt\u00eb proces\u2026<\/p>\n<p>Goxhaj: Un\u00eb mund t\u00eb them pme plot goj\u00ebn se kur thua PDSH \u00ebsht\u00eb nj\u00ebsoj si t\u00eb thuash zyra e opozit\u00ebs pran\u00eb kryeministris\u00eb. K\u00ebtu kemi pushtetin p\u00ebrball\u00eb opozit\u00ebs, ku pushteti \u00ebsht\u00eb Rama Basha nd\u00ebrsa opozita \u00ebsht\u00eb ajo q\u00eb kemi par\u00eb.<\/p>\n<p>K\u00ebtu jemi n\u00eb nj\u00eb situat\u00eb surreale, t\u00eb paimagjinueshme. Basha b\u00ebn at\u00eb q\u00eb pritet, t\u00eb prish\u00eb sa m\u00eb shum\u00eb pun\u00eb. Basha nuk \u00ebsht\u00eb pengu, por nj\u00eb spiun i ardhur n\u00eb Shqip\u00ebri me nj\u00eb mision q\u00eb n\u00eb 2005-\u00ebn. Sepse \u00ebsht\u00eb nj\u00eb diversant. Ky fenomen po p\u00ebrhapet n\u00eb bot\u00eb gjithkund. Shqip\u00ebria si nj\u00eb laborator gjigant, ka situata ku nj\u00eb opozit\u00eb q\u00eb k\u00ebrkon t\u00eb riorganizuohet dhe kemi dhe pushtetin q\u00eb ka Bash\u00ebn.<\/p>\n<p>Pyetje: Pritet q\u00eb Komisioni i Rithemelimit t\u00eb PD t\u00eb ket\u00eb nj\u00eb bashk\u00ebpunim me LSI-n\u00eb n\u00eb k\u00ebto zgjedhje<\/p>\n<p>Goxhaj: N\u00ebse do kishim thjesht nj\u00eb bashk\u00ebpunim t\u00eb LSI dhe grupi Rithemelues, kjo nuk do ting\u00ebllonte mir\u00eb, por n\u00ebse do kishte nj\u00eb bashk\u00ebpunim me t\u00eb gjitha partit\u00eb e opozit\u00ebs do ishte ndryshe. LSI k\u00ebt\u00eb her\u00eb ka nj\u00eb rol shum\u00eb specifik\u00eb, ka komisioner\u00eb dhe num\u00ebrues n\u00eb qendrat e votimit. Kjo \u00ebsht\u00eb m\u00eb r\u00ebnd\u00ebsi sepse procesi \u00ebsht\u00eb shum\u00eb delikat. Se n\u00ebse do kishim vet\u00ebm num\u00ebrues dhe komisioner\u00eb t\u00eb Lul Bash\u00ebs dhe Ram\u00ebs do shkonim n\u00eb qendra votimi dhe do shihnim njer\u00ebz t\u00eb cil\u00ebt nuk jan\u00eb as pjes\u00eb e asaj zone si votues.<\/p>\n","protected":false},"excerpt":{"rendered":"<p>Avokati Altin Goxha n\u00eb nj\u00eb lidhje \u201cskype\u201d me studion e Fax News ka folur mbi zgjedhjet e pjesshme lokale t\u00eb 6 marsit t\u00eb cilat do t\u00eb mbahen n\u00eb 6 bashki t\u00eb vendit. Goxhaj i konsideroi k\u00ebto zgjedhje si shum\u00eb t\u00eb r\u00ebnd\u00ebsishme p\u00ebr shkak se tashm\u00eb opozita mund t\u00eb kishte n\u00eb krah nj\u00eb zyrtar konkret pra [&hellip;]<\/p>\n","protected":false},"author":2030,"featured_media":233614,"comment_status":"closed","ping_status":"closed","sticky":false,"template":"","format":"standard","meta":{"footnotes":""},"categories":[241,3366,231,1454],"tags":[],"class_list":{"0":"post-233613","1":"post","2":"type-post","3":"status-publish","4":"format-standard","5":"has-post-thumbnail","7":"category-aktualitet","8":"category-koment","9":"category-lajme","10":"category-politike"},"_links":{"self":[{"href":"https:\/\/zjarr.tv\/sq\/wp-json\/wp\/v2\/posts\/233613","targetHints":{"allow":["GET"]}}],"collection":[{"href":"https:\/\/zjarr.tv\/sq\/wp-json\/wp\/v2\/posts"}],"about":[{"href":"https:\/\/zjarr.tv\/sq\/wp-json\/wp\/v2\/types\/post"}],"author":[{"embeddable":true,"href":"https:\/\/zjarr.tv\/sq\/wp-json\/wp\/v2\/users\/2030"}],"replies":[{"embeddable":true,"href":"https:\/\/zjarr.tv\/sq\/wp-json\/wp\/v2\/comments?post=233613"}],"version-history":[{"count":0,"href":"https:\/\/zjarr.tv\/sq\/wp-json\/wp\/v2\/posts\/233613\/revisions"}],"wp:featuredmedia":[{"embeddable":true,"href":"https:\/\/zjarr.tv\/sq\/wp-json\/wp\/v2\/media\/233614"}],"wp:attachment":[{"href":"https:\/\/zjarr.tv\/sq\/wp-json\/wp\/v2\/media?parent=233613"}],"wp:term":[{"taxonomy":"category","embeddable":true,"href":"https:\/\/zjarr.tv\/sq\/wp-json\/wp\/v2\/categories?post=233613"},{"taxonomy":"post_tag","embeddable":true,"href":"https:\/\/zjarr.tv\/sq\/wp-json\/wp\/v2\/tags?post=233613"}],"curies":[{"name":"wp","href":"https:\/\/api.w.org\/{rel}","templated":true}]}}