{"id":233651,"date":"2022-01-30T18:52:19","date_gmt":"2022-01-30T17:52:19","guid":{"rendered":"https:\/\/zjarr.tv\/?p=233651"},"modified":"2022-01-30T18:52:19","modified_gmt":"2022-01-30T17:52:19","slug":"basha-sulmon-ramen-berishen-dhe-meten-te-tre-se-bashku-jane-me-te-vegjel-se-kurre-me-pare","status":"publish","type":"post","link":"https:\/\/zjarr.tv\/sq\/basha-sulmon-ramen-berishen-dhe-meten-te-tre-se-bashku-jane-me-te-vegjel-se-kurre-me-pare\/","title":{"rendered":"Basha sulmon Ram\u00ebn, Berish\u00ebn dhe Met\u00ebn: T\u00eb tre s\u00eb bashku jan\u00eb m\u00eb t\u00eb vegj\u00ebl se kurr\u00eb m\u00eb par\u00eb"},"content":{"rendered":"<p>Kreu i PD, Lulzim Basha ka vazhduar s\u00ebrish me sulmet e tij drejtuar kryeministrit, Edi Rama, presidentit Ilir Meta dhe ish kryeministrit Sali Berisha. Me an\u00eb t\u00eb nj\u00eb videoje n\u00eb rrjetin e tij social, Basha i konsideroi t\u00eb tre politikan\u00ebt shqiptar\u00eb si \u201cminoranc\u00eb\u201d p\u00ebrball\u00eb shqiptar\u00ebve duke shtuar se ishin b\u00ebr\u00eb t\u00eb tre s\u00eb bashku.<\/p>\n<p>Kujtojm\u00eb se q\u00eb prej disa koh\u00ebsh, Basha ka ashp\u00ebrsuar retorik\u00ebn e tij poltike edhe ndaj presidentit Ilir Meta duke e kuonsideruar k\u00ebt\u00eb t\u00eb fundit si pjes\u00eb t\u00eb \u201ctrek\u00ebnd\u00ebshit t\u00eb Bermud\u00ebs\u201d.<\/p>\n<p>Postimi i Plot\u00eb nga kreu i PD, Lulzim Basha:<\/p>\n<p>Partia Demokratike e Shqip\u00ebris\u00eb \u00ebsht\u00eb sot shpresa e vetme p\u00ebr ndryshim. P\u00ebrball\u00eb kemi si asnj\u00ebher\u00eb tjet\u00ebr Edi Ram\u00ebn, Sali Berish\u00ebn dhe Ilir Met\u00ebn, q\u00eb s\u00eb bashku jan\u00eb m\u00eb t\u00eb vegj\u00ebl se \u00e7\u2019kan\u00eb qen\u00eb kurr\u00eb m\u00eb par\u00eb. Partia Demokratike, e \u00e7liruar nga hijet e t\u00eb kaluar\u00ebs, bashk\u00eb me shumic\u00ebn e shqiptar\u00ebve, do ec\u00eb drejt nj\u00eb t\u00eb ardhmeje m\u00eb t\u00eb mir\u00eb.<\/p>\n","protected":false},"excerpt":{"rendered":"<p>Kreu i PD, Lulzim Basha ka vazhduar s\u00ebrish me sulmet e tij drejtuar kryeministrit, Edi Rama, presidentit Ilir Meta dhe ish kryeministrit Sali Berisha. Me an\u00eb t\u00eb nj\u00eb videoje n\u00eb rrjetin e tij social, Basha i konsideroi t\u00eb tre politikan\u00ebt shqiptar\u00eb si \u201cminoranc\u00eb\u201d p\u00ebrball\u00eb shqiptar\u00ebve duke shtuar se ishin b\u00ebr\u00eb t\u00eb tre s\u00eb bashku. Kujtojm\u00eb [&hellip;]<\/p>\n","protected":false},"author":2031,"featured_media":233652,"comment_status":"closed","ping_status":"closed","sticky":false,"template":"","format":"standard","meta":{"footnotes":""},"categories":[231],"tags":[],"class_list":{"0":"post-233651","1":"post","2":"type-post","3":"status-publish","4":"format-standard","5":"has-post-thumbnail","7":"category-lajme"},"_links":{"self":[{"href":"https:\/\/zjarr.tv\/sq\/wp-json\/wp\/v2\/posts\/233651","targetHints":{"allow":["GET"]}}],"collection":[{"href":"https:\/\/zjarr.tv\/sq\/wp-json\/wp\/v2\/posts"}],"about":[{"href":"https:\/\/zjarr.tv\/sq\/wp-json\/wp\/v2\/types\/post"}],"author":[{"embeddable":true,"href":"https:\/\/zjarr.tv\/sq\/wp-json\/wp\/v2\/users\/2031"}],"replies":[{"embeddable":true,"href":"https:\/\/zjarr.tv\/sq\/wp-json\/wp\/v2\/comments?post=233651"}],"version-history":[{"count":0,"href":"https:\/\/zjarr.tv\/sq\/wp-json\/wp\/v2\/posts\/233651\/revisions"}],"wp:featuredmedia":[{"embeddable":true,"href":"https:\/\/zjarr.tv\/sq\/wp-json\/wp\/v2\/media\/233652"}],"wp:attachment":[{"href":"https:\/\/zjarr.tv\/sq\/wp-json\/wp\/v2\/media?parent=233651"}],"wp:term":[{"taxonomy":"category","embeddable":true,"href":"https:\/\/zjarr.tv\/sq\/wp-json\/wp\/v2\/categories?post=233651"},{"taxonomy":"post_tag","embeddable":true,"href":"https:\/\/zjarr.tv\/sq\/wp-json\/wp\/v2\/tags?post=233651"}],"curies":[{"name":"wp","href":"https:\/\/api.w.org\/{rel}","templated":true}]}}