{"id":234058,"date":"2022-02-01T12:35:32","date_gmt":"2022-02-01T11:35:32","guid":{"rendered":"https:\/\/zjarr.tv\/?p=234058"},"modified":"2022-02-01T12:35:32","modified_gmt":"2022-02-01T11:35:32","slug":"shtepia-e-lirise-pd-u-zyrtarizua-partia-e-vjeter-meta-berisha-rama-ata-po-zbulojne-fijet-qe-i-lidhin","status":"publish","type":"post","link":"https:\/\/zjarr.tv\/sq\/shtepia-e-lirise-pd-u-zyrtarizua-partia-e-vjeter-meta-berisha-rama-ata-po-zbulojne-fijet-qe-i-lidhin\/","title":{"rendered":"\u201cSht\u00ebpia e Liris\u00eb\u201d\/ PD: U zyrtarizua partia e vjet\u00ebr Meta-Berisha-Rama, ata po zbulojn\u00eb fijet q\u00eb i lidhin\u2026"},"content":{"rendered":"<p>M\u00eb n\u00eb fund Sali Berisha zyrtarizoi vet\u00ebm partin\u00eb e vjet\u00ebr Meta-Berisha-Rama q\u00eb simbolizon gjith\u00e7ka q\u00eb nuk shkon n\u00eb Shqip\u00ebri: Korrupsioni, Politik\u00ebn e vjet\u00ebr Lajmet e rreme dhe disinformimin.<\/p>\n<p>Kandidimi n\u00eb Dib\u00ebr i bashk\u00ebshortit t\u00eb prokurores q\u00eb mbrojti band\u00ebn e Edi Ram\u00ebs, duke mos hetuar dosjen 184 t\u00eb vjedhjes s\u00eb zgjedhjeve n\u00eb Dib\u00ebr, \u00ebsht\u00eb provokim i r\u00ebnd\u00eb p\u00ebr \u00e7do demokrat dibran q\u00eb masakr\u00ebn zgjedhore e provuan t\u00eb par\u00ebt n\u00eb 2016.<\/p>\n<p>Premtim Kryemadhi mund t\u00eb jet\u00eb kush\u00ebriri i Monika Kryemadhit, mund t\u00eb jet\u00eb edhe bashk\u00ebshorti i prokurores q\u00eb mbrojti dhe shp\u00ebtoi nga burgu Edi Ram\u00ebn dhe band\u00ebn e tij, por me PD dhe demokrat\u00ebt nuk ka asnj\u00eb lidhje.<\/p>\n<p>Kandidimi i tij shpjegon m\u00eb s\u00eb miri edhe komunikimin privat t\u00eb Flamur Nok\u00ebs dhe Ulsi Manj\u00ebs. Kandidatin e koalicionit \u201cNon-Grata\u201d e kan\u00eb zgjedhur bashk\u00ebrisht. Ulsi Manja, n\u00ebse bashk\u00ebshortja e kandidatit t\u00eb Flamur Nok\u00ebs n\u00eb Dib\u00ebr do t\u00eb zbatonte ligjin dhe do hetonte dosjen 184, do ishte n\u00eb burg dhe jo n\u00eb krye t\u00eb Ministris\u00eb s\u00eb Drejt\u00ebsis\u00eb.<\/p>\n<p>Partia e vjet\u00ebr Meta-Berisha-Rama ka 2 q\u00ebllime:<\/p>\n<ol>\n<li>T\u00eb d\u00ebmtoj\u00eb PD dhe demokrat\u00ebt<\/li>\n<li>T\u00eb b\u00ebhet streh\u00eb mbrojt\u00ebse p\u00ebr Met\u00ebn dhe Berish\u00ebn.<\/li>\n<\/ol>\n<p>Ajo \u00ebsht\u00eb streha p\u00ebr Ilirin dhe Saliun.<\/p>\n<p>Zgjedh Ram\u00ebn, mban Berish\u00ebn dhe Met\u00ebn.<\/p>\n<p>Zgjedh Berish\u00ebn dhe Met\u00ebn, dhe mban Ram\u00ebn.<\/p>\n","protected":false},"excerpt":{"rendered":"<p>M\u00eb n\u00eb fund Sali Berisha zyrtarizoi vet\u00ebm partin\u00eb e vjet\u00ebr Meta-Berisha-Rama q\u00eb simbolizon gjith\u00e7ka q\u00eb nuk shkon n\u00eb Shqip\u00ebri: Korrupsioni, Politik\u00ebn e vjet\u00ebr Lajmet e rreme dhe disinformimin. Kandidimi n\u00eb Dib\u00ebr i bashk\u00ebshortit t\u00eb prokurores q\u00eb mbrojti band\u00ebn e Edi Ram\u00ebs, duke mos hetuar dosjen 184 t\u00eb vjedhjes s\u00eb zgjedhjeve n\u00eb Dib\u00ebr, \u00ebsht\u00eb provokim i [&hellip;]<\/p>\n","protected":false},"author":2020,"featured_media":234060,"comment_status":"closed","ping_status":"closed","sticky":false,"template":"","format":"standard","meta":{"footnotes":""},"categories":[241,5380,231],"tags":[],"class_list":{"0":"post-234058","1":"post","2":"type-post","3":"status-publish","4":"format-standard","5":"has-post-thumbnail","7":"category-aktualitet","8":"category-kryesore","9":"category-lajme"},"_links":{"self":[{"href":"https:\/\/zjarr.tv\/sq\/wp-json\/wp\/v2\/posts\/234058","targetHints":{"allow":["GET"]}}],"collection":[{"href":"https:\/\/zjarr.tv\/sq\/wp-json\/wp\/v2\/posts"}],"about":[{"href":"https:\/\/zjarr.tv\/sq\/wp-json\/wp\/v2\/types\/post"}],"author":[{"embeddable":true,"href":"https:\/\/zjarr.tv\/sq\/wp-json\/wp\/v2\/users\/2020"}],"replies":[{"embeddable":true,"href":"https:\/\/zjarr.tv\/sq\/wp-json\/wp\/v2\/comments?post=234058"}],"version-history":[{"count":0,"href":"https:\/\/zjarr.tv\/sq\/wp-json\/wp\/v2\/posts\/234058\/revisions"}],"wp:featuredmedia":[{"embeddable":true,"href":"https:\/\/zjarr.tv\/sq\/wp-json\/wp\/v2\/media\/234060"}],"wp:attachment":[{"href":"https:\/\/zjarr.tv\/sq\/wp-json\/wp\/v2\/media?parent=234058"}],"wp:term":[{"taxonomy":"category","embeddable":true,"href":"https:\/\/zjarr.tv\/sq\/wp-json\/wp\/v2\/categories?post=234058"},{"taxonomy":"post_tag","embeddable":true,"href":"https:\/\/zjarr.tv\/sq\/wp-json\/wp\/v2\/tags?post=234058"}],"curies":[{"name":"wp","href":"https:\/\/api.w.org\/{rel}","templated":true}]}}