{"id":234203,"date":"2022-02-01T18:03:10","date_gmt":"2022-02-01T17:03:10","guid":{"rendered":"https:\/\/zjarr.tv\/?p=234203"},"modified":"2022-02-01T18:03:10","modified_gmt":"2022-02-01T17:03:10","slug":"rinis-me-debate-seanca-per-shkarkimin-e-metes-presidenca-kundershton-perfaqesuesin-ligjor-te-kuvendit-emri","status":"publish","type":"post","link":"https:\/\/zjarr.tv\/sq\/rinis-me-debate-seanca-per-shkarkimin-e-metes-presidenca-kundershton-perfaqesuesin-ligjor-te-kuvendit-emri\/","title":{"rendered":"Rinis me debate seanca p\u00ebr shkarkimin e Met\u00ebs, Presidenca kund\u00ebrshton p\u00ebrfaq\u00ebsuesin ligjor t\u00eb kuvendit (EMRI)"},"content":{"rendered":"<p>Ka rinisur me debate seanca n\u00eb Gjykat\u00ebn Kushtetuese p\u00ebr shkarkimin e Presidentit Ilir Meta, pasi kuvendi autorizoi Erind M\u00ebrkurin si p\u00ebrfaq\u00ebsues ligjor n\u00eb k\u00ebt\u00eb seanc\u00eb. P\u00ebrfaq\u00ebsuesi ligjor i Met\u00ebs, Bledar Dervishaj ka kund\u00ebrshtuar M\u00ebrkurin, p\u00ebr shkak se ai ka qen\u00eb ekspert i pavarur n\u00eb Komisionin Hetimor.<\/p>\n<p>\u201cAutorizimi i Merkurit perben nje tjeter shqetesim per Presidencen, pasi ne Komision Hetimor kuvendi e ka thirrur Merkurin si ekspert te pavarur. Kjo deshmon se si ne te vertet ka qene ai proces. Nuk ka list te parimeve qe nuk eshte shkelur\u201d, tha Dervishaj n\u00eb seanc\u00eb.<\/p>\n<p>Ne lidhje me keto pretendime, i eshte kunderpergjigjur menjehere, Klotilda Bushka: \u201cMerkuri eshte marr si ekspert i te drejtes nuk ka shprehur mendime personale. Dhe sot ne natyren e autorizimi eshte vetem per te bere komente ne ligjin e se drejtes.\u201d<\/p>\n<p>Rikujtojm\u00eb se n\u00eb Gjykat\u00ebn Kushtetuese po zhvillohet k\u00ebt\u00eb t\u00eb mart\u00eb seanca maraton\u00eb p\u00ebr \u00e7\u00ebshtjen e shkarkimit te Presidentit t\u00eb Republik\u00ebs, Ilir Meta, nga Parlamenti i kaluar, me akuzat se ka shkelur r\u00ebnd\u00eb kushtetut\u00ebn.<\/p>\n<p>Vet\u00eb Meta nuk ka qen\u00eb i pranish\u00ebm dit\u00ebn e sotme n\u00eb seanc\u00ebn q\u00eb po zhvillohet n\u00eb GJK, por e p\u00ebrfaq\u00ebsojn\u00eb Bledar Dervishaj, p\u00ebrfaq\u00ebsues ligjor, dhe Katrin Treska, drejtoresha juridike.<\/p>\n<p>N\u00eb nisje te seanc\u00ebs, p\u00ebrfaq\u00ebsuesi i Presidenc\u00ebs k\u00ebrkoi ndryshimin e trup\u00ebs gjykuese p\u00ebrshkak se disa prej an\u00ebtar\u00ebve kan\u00eb konflikt interesi dhe disa t\u00eb tjer\u00ebve ju ka mbaruar mandati. Meta tha n\u00eb seanc\u00ebn q\u00eb po zhvillohet p\u00ebr shkarkimin e tij se gjyqtar\u00ebt Vitore Tusha, Fiona Papajorgji dhe Kalo t\u00eb japin dor\u00ebheqjen sepse sipas tij nuk jan\u00eb t\u00eb paansh\u00ebm. K\u00ebt\u00eb k\u00ebrkes\u00eb t\u00eb tij, p\u00ebrfaq\u00ebsuesja e Kuvendit Klotilda Bushka e quajti nj\u00eb pretekst p\u00ebr t\u00eb zvarritur procesin.\u00a0 Trupa gjykuese vendosi t\u00eb rr\u00ebzoj\u00eb k\u00ebt\u00eb k\u00ebrkes\u00eb t\u00eb Presidentit.<\/p>\n<p>M\u00eb tej, Presidenca k\u00ebrkoi q\u00eb t\u00eb p\u00ebrjashtohen p\u00ebrfaq\u00ebsuesit e Kuvendit, nga seanca e sotme. Sipas p\u00ebrfaq\u00ebsuesit ligjor t\u00eb presidentit Meta, kryetarja e nj\u00eb legjislature t\u00eb re, si rasti i kryeparlamentares Lindita Nikolla, nuk mund t\u00eb vazhdoj\u00eb nj\u00eb vendim t\u00eb l\u00ebn\u00eb nga legjislatura e m\u00ebhershme. N\u00eb lidhje me k\u00ebt\u00eb k\u00ebrkes\u00eb, GJK tha se do t\u2019i lexoje pretendimet n\u00eb vendimin p\u00ebrfundimtar.<\/p>\n<p>S\u00eb fundmi, an\u00ebtar\u00ebt e Gjykat\u00ebs Kushtetuese kan\u00eb ngritur 70 pyetje n\u00eb total p\u00ebr p\u00ebrfaq\u00ebsuesit e Presidenc\u00ebs dhe p\u00ebr ata t\u00eb kuvendit. Mes pyetjeve q\u00eb vlen t\u00eb theksojm\u00eb \u00ebsht\u00eb se mazhoranca duhet t\u00eb jap\u00eb \u201cllogari\u201d dhe t\u00eb na tregoj\u00eb me fakte shkeljet e Ilir Met\u00ebs mes tyre edhe p\u00ebrfshirjen e tij n\u00eb zgjedhjet e p\u00ebrgjithshme t\u00eb 25 prillit.<\/p>\n<p>Rikujtojm\u00eb se p\u00ebrplasja Rama-Meta kulmoi pak dit\u00eb para zgjedhjeve t\u00eb 25 prillit. Menj\u00ebher\u00eb pasi Rama kishte siguruar mandatin e tret\u00eb, ai tha se Presidenti do t\u00eb shkarkohet p\u00ebr shkelje t\u00eb r\u00ebnd\u00eb t\u00eb kushtetut\u00ebs, gj\u00eb t\u00eb cil\u00ebn arriti ta finalizonte dhe fal\u00eb votave t\u00eb opozit\u00ebs s\u00eb re.<\/p>\n","protected":false},"excerpt":{"rendered":"<p>Ka rinisur me debate seanca n\u00eb Gjykat\u00ebn Kushtetuese p\u00ebr shkarkimin e Presidentit Ilir Meta, pasi kuvendi autorizoi Erind M\u00ebrkurin si p\u00ebrfaq\u00ebsues ligjor n\u00eb k\u00ebt\u00eb seanc\u00eb. P\u00ebrfaq\u00ebsuesi ligjor i Met\u00ebs, Bledar Dervishaj ka kund\u00ebrshtuar M\u00ebrkurin, p\u00ebr shkak se ai ka qen\u00eb ekspert i pavarur n\u00eb Komisionin Hetimor. \u201cAutorizimi i Merkurit perben nje tjeter shqetesim per Presidencen, [&hellip;]<\/p>\n","protected":false},"author":2030,"featured_media":234204,"comment_status":"closed","ping_status":"closed","sticky":false,"template":"","format":"standard","meta":{"footnotes":""},"categories":[241,5380,231,1454],"tags":[],"class_list":{"0":"post-234203","1":"post","2":"type-post","3":"status-publish","4":"format-standard","5":"has-post-thumbnail","7":"category-aktualitet","8":"category-kryesore","9":"category-lajme","10":"category-politike"},"_links":{"self":[{"href":"https:\/\/zjarr.tv\/sq\/wp-json\/wp\/v2\/posts\/234203","targetHints":{"allow":["GET"]}}],"collection":[{"href":"https:\/\/zjarr.tv\/sq\/wp-json\/wp\/v2\/posts"}],"about":[{"href":"https:\/\/zjarr.tv\/sq\/wp-json\/wp\/v2\/types\/post"}],"author":[{"embeddable":true,"href":"https:\/\/zjarr.tv\/sq\/wp-json\/wp\/v2\/users\/2030"}],"replies":[{"embeddable":true,"href":"https:\/\/zjarr.tv\/sq\/wp-json\/wp\/v2\/comments?post=234203"}],"version-history":[{"count":0,"href":"https:\/\/zjarr.tv\/sq\/wp-json\/wp\/v2\/posts\/234203\/revisions"}],"wp:featuredmedia":[{"embeddable":true,"href":"https:\/\/zjarr.tv\/sq\/wp-json\/wp\/v2\/media\/234204"}],"wp:attachment":[{"href":"https:\/\/zjarr.tv\/sq\/wp-json\/wp\/v2\/media?parent=234203"}],"wp:term":[{"taxonomy":"category","embeddable":true,"href":"https:\/\/zjarr.tv\/sq\/wp-json\/wp\/v2\/categories?post=234203"},{"taxonomy":"post_tag","embeddable":true,"href":"https:\/\/zjarr.tv\/sq\/wp-json\/wp\/v2\/tags?post=234203"}],"curies":[{"name":"wp","href":"https:\/\/api.w.org\/{rel}","templated":true}]}}