{"id":234222,"date":"2022-02-01T18:54:41","date_gmt":"2022-02-01T17:54:41","guid":{"rendered":"https:\/\/zjarr.tv\/?p=234222"},"modified":"2022-02-01T18:54:41","modified_gmt":"2022-02-01T17:54:41","slug":"lulzim-basha-ngelet-pa-kandidate-emra-vetem-ne-4-bashki-e-refuzon-saimir-koreshi-ne-lushnje","status":"publish","type":"post","link":"https:\/\/zjarr.tv\/sq\/lulzim-basha-ngelet-pa-kandidate-emra-vetem-ne-4-bashki-e-refuzon-saimir-koreshi-ne-lushnje\/","title":{"rendered":"Lulzim Basha ngelet pa kandidat\u00eb\/ Emra vet\u00ebm n\u00eb 4 bashki. E refuzon Saimir Koreshi n\u00eb Lushnje"},"content":{"rendered":"<p>Nga CNA.al<\/p>\n<p>Lulzim Basha ende nuk ka mundur t\u00eb zyrtarizoj\u00eb emrat e tij p\u00ebr gar\u00ebn e 6 marsit ku pritet t\u00eb zhvillohen zgjedhjet n\u00eb 6 bashki. Burime zyrtare nga PD-ja e Bash\u00ebs i than\u00eb CNA.al se Luan Haka \u00ebsht\u00eb emri q\u00eb Basha do kandidoj\u00eb p\u00ebr Bashkin\u00eb e Dibr\u00ebs, nd\u00ebrsa kryetarin e komanduar t\u00eb Durr\u00ebsit Luan Hoti do t\u00eb jet\u00eb kandidati p\u00ebr kryetar bashkie n\u00eb qytetin bregdetar.<\/p>\n<p>N\u00eb Shkod\u00ebr jan\u00eb n\u00eb skenarin e Bash\u00ebs tre emra Xhemal Bushati, i cili ende nuk ka konfirmuar kandidimin e tij, me gjith\u00eb kembnguljen e Bash\u00ebs si dhe dy zonja Izmira Ulqinaku dhe Nevila Xhindi.<\/p>\n<p>N\u00eb Rrogozhin\u00eb emri q\u00eb pritej ishte Shkelqim Hoxha, nj\u00eb personazh grotesk dhe skandaloz, q\u00eb duket se e ka braktisur Lulin dhe s\u2019ka pranuar t\u00eb hyj\u00eb n\u00eb gar\u00eb n\u00eb momentet e fundit. M\u00ebsohet se sot s\u00ebrish Hoxha ka vazhduar negociatat me Bash\u00ebn. Nj\u00eb tjet\u00ebr em\u00ebr i dikutuar \u00ebsht\u00eb Ferdiand Sara\u00e7i si kandidat i mundsh\u00ebm i Lulzim Bash\u00ebs p\u00ebr Bashkin\u00eb e Rrogozhin\u00ebs.<\/p>\n<p>N\u00eb Bashkin\u00eb e Lushnj\u00ebs Saimir Korreshi\u00a0 s\u2019ka pranuar kandidimin p\u00ebr Bashkin\u00eb, duke mbajtur mandatin e tij t\u00eb deputetit. Basha dhe t\u00eb tij\u00ebt n\u00eb deg\u00ebn e Lushnj\u00ebs ende jan\u00eb pa nj\u00eb em\u00ebr konkret.<\/p>\n<p>N\u00eb Bashkin\u00eb Vor\u00eb Lulzim Basha ende s\u2019ka mundur t\u00eb siguroj\u00eb nj\u00eb em\u00ebr kur \u00ebsht\u00eb n\u00eb momentet e fundit t\u00eb afateve p\u00ebr publikimin e kandidat\u00ebve.<\/p>\n<p>Jan\u00eb vet\u00ebm 32 dit\u00eb fushat\u00eb p\u00ebr \u00e7do em\u00ebr nga dita e sotme dhe Basha po p\u00ebrballet me faktin se n\u00eb disa Bashki nuk po gjen dot kandidat\u00eb pasi nuk i pranojn\u00eb q\u00eb t\u00eb jen\u00eb p\u00ebrfaq\u00ebsues t\u00eb tij, p\u00ebr m\u00eb tep\u00ebr t\u00eb dalin t\u00eb tret\u00ebt dhe humb\u00ebs t\u00eb garantuar n\u00eb gar\u00ebn e 6 marsit.<\/p>\n<p>Socialist\u00ebt kan\u00eb zyrtarizuar kandidat\u00ebt p\u00ebr 5 bashkit\u00eb q\u00eb jan\u00eb pa kryetar, Vor\u00ebn, Rrogozhin\u00ebn, Durr\u00ebsin, Dibr\u00ebn dhe Shkodr\u00ebn, nd\u00ebrsa kandidati p\u00ebr Lushnjen pritet t\u00eb b\u00ebhet dit\u00ebn e nes\u00ebrme publike. Nga ana tjet\u00ebr, edhe ish kryeministri Sali Berisha i ka zyrtarizuar 6 kandidaturat e tij, t\u00eb cil\u00ebt dol\u00ebn nga primaret q\u00eb u mbajt\u00ebn dje. Nd\u00ebrkoh\u00eb q\u00eb ai q\u00eb nuk ka nxjerr\u00eb akoma asnj\u00eb em\u00ebr \u00ebsht\u00eb Lulzim Basha.<\/p>\n","protected":false},"excerpt":{"rendered":"<p>Nga CNA.al Lulzim Basha ende nuk ka mundur t\u00eb zyrtarizoj\u00eb emrat e tij p\u00ebr gar\u00ebn e 6 marsit ku pritet t\u00eb zhvillohen zgjedhjet n\u00eb 6 bashki. Burime zyrtare nga PD-ja e Bash\u00ebs i than\u00eb CNA.al se Luan Haka \u00ebsht\u00eb emri q\u00eb Basha do kandidoj\u00eb p\u00ebr Bashkin\u00eb e Dibr\u00ebs, nd\u00ebrsa kryetarin e komanduar t\u00eb Durr\u00ebsit Luan [&hellip;]<\/p>\n","protected":false},"author":2030,"featured_media":234223,"comment_status":"closed","ping_status":"closed","sticky":false,"template":"","format":"standard","meta":{"footnotes":""},"categories":[241,5380,231,1454],"tags":[],"class_list":{"0":"post-234222","1":"post","2":"type-post","3":"status-publish","4":"format-standard","5":"has-post-thumbnail","7":"category-aktualitet","8":"category-kryesore","9":"category-lajme","10":"category-politike"},"_links":{"self":[{"href":"https:\/\/zjarr.tv\/sq\/wp-json\/wp\/v2\/posts\/234222","targetHints":{"allow":["GET"]}}],"collection":[{"href":"https:\/\/zjarr.tv\/sq\/wp-json\/wp\/v2\/posts"}],"about":[{"href":"https:\/\/zjarr.tv\/sq\/wp-json\/wp\/v2\/types\/post"}],"author":[{"embeddable":true,"href":"https:\/\/zjarr.tv\/sq\/wp-json\/wp\/v2\/users\/2030"}],"replies":[{"embeddable":true,"href":"https:\/\/zjarr.tv\/sq\/wp-json\/wp\/v2\/comments?post=234222"}],"version-history":[{"count":0,"href":"https:\/\/zjarr.tv\/sq\/wp-json\/wp\/v2\/posts\/234222\/revisions"}],"wp:featuredmedia":[{"embeddable":true,"href":"https:\/\/zjarr.tv\/sq\/wp-json\/wp\/v2\/media\/234223"}],"wp:attachment":[{"href":"https:\/\/zjarr.tv\/sq\/wp-json\/wp\/v2\/media?parent=234222"}],"wp:term":[{"taxonomy":"category","embeddable":true,"href":"https:\/\/zjarr.tv\/sq\/wp-json\/wp\/v2\/categories?post=234222"},{"taxonomy":"post_tag","embeddable":true,"href":"https:\/\/zjarr.tv\/sq\/wp-json\/wp\/v2\/tags?post=234222"}],"curies":[{"name":"wp","href":"https:\/\/api.w.org\/{rel}","templated":true}]}}