{"id":234226,"date":"2022-02-01T19:07:23","date_gmt":"2022-02-01T18:07:23","guid":{"rendered":"https:\/\/zjarr.tv\/?p=234226"},"modified":"2022-02-01T19:07:23","modified_gmt":"2022-02-01T18:07:23","slug":"ambasadorja-e-shba-nje-demokraci-e-forte-dhe-e-shendetshme-kerkon-qytetare-qe-jane-te-informuar-dhe-ti-mbajne-autoritetet-pergjegjese","status":"publish","type":"post","link":"https:\/\/zjarr.tv\/sq\/ambasadorja-e-shba-nje-demokraci-e-forte-dhe-e-shendetshme-kerkon-qytetare-qe-jane-te-informuar-dhe-ti-mbajne-autoritetet-pergjegjese\/","title":{"rendered":"Ambasadorja e SHBA: Nj\u00eb demokraci e fort\u00eb dhe e sh\u00ebndetshme k\u00ebrkon qytetar\u00eb q\u00eb jan\u00eb t\u00eb informuar dhe t\u2019i mbajn\u00eb autoritetet p\u00ebrgjegj\u00ebse"},"content":{"rendered":"<p>\u201cNj\u00eb demokraci e fort\u00eb dhe e sh\u00ebndetshme k\u00ebrkon qytetar\u00eb q\u00eb jan\u00eb t\u00eb informuar, t\u00eb angazhuar dhe t\u2019i mbajn\u00eb autoritetet p\u00ebrgjegj\u00ebse\u201d.<\/p>\n<p>K\u00ebshtu deklaron ambasadorja amerikane n\u00eb Tiran\u00eb Yuri Kim, teksa ka publikuar nj\u00eb foto n\u00eb Instagram me aktivistin Adriatik Lapaj.<\/p>\n<p>\u201cFaleminderit Adriatik Lapaj p\u00ebr nj\u00eb diskutim serioz mbi cil\u00ebsin\u00eb e demokracis\u00eb sot n\u00eb Shqip\u00ebri dhe p\u00ebr p\u00ebrgjegj\u00ebsin\u00eb dhe fuqin\u00eb e qytetar\u00ebve t\u00eb rregullt p\u00ebr t\u00eb menduar vet\u00eb, p\u00ebr t\u00eb ushtruar t\u00eb drejtat e tyre dhe p\u00ebr t\u00eb luftuar p\u00ebr drejt\u00ebsi\u201d, shkruan ambasadorja e SHBA.<\/p>\n<p><img loading=\"lazy\" decoding=\"async\" class=\"alignnone size-medium wp-image-234227\" src=\"https:\/\/zjarr.tv\/wp-content\/uploads\/2022\/02\/hhyhy-197x300.png\" alt=\"\" width=\"197\" height=\"300\" srcset=\"https:\/\/zjarr.tv\/wp-content\/uploads\/2022\/02\/hhyhy-197x300.png 197w, https:\/\/zjarr.tv\/wp-content\/uploads\/2022\/02\/hhyhy-276x420.png 276w, https:\/\/zjarr.tv\/wp-content\/uploads\/2022\/02\/hhyhy.png 537w\" sizes=\"auto, (max-width: 197px) 100vw, 197px\" \/><\/p>\n","protected":false},"excerpt":{"rendered":"<p>\u201cNj\u00eb demokraci e fort\u00eb dhe e sh\u00ebndetshme k\u00ebrkon qytetar\u00eb q\u00eb jan\u00eb t\u00eb informuar, t\u00eb angazhuar dhe t\u2019i mbajn\u00eb autoritetet p\u00ebrgjegj\u00ebse\u201d. K\u00ebshtu deklaron ambasadorja amerikane n\u00eb Tiran\u00eb Yuri Kim, teksa ka publikuar nj\u00eb foto n\u00eb Instagram me aktivistin Adriatik Lapaj. \u201cFaleminderit Adriatik Lapaj p\u00ebr nj\u00eb diskutim serioz mbi cil\u00ebsin\u00eb e demokracis\u00eb sot n\u00eb Shqip\u00ebri dhe p\u00ebr [&hellip;]<\/p>\n","protected":false},"author":2030,"featured_media":234228,"comment_status":"closed","ping_status":"closed","sticky":false,"template":"","format":"standard","meta":{"footnotes":""},"categories":[241,3366,5380,231],"tags":[],"class_list":{"0":"post-234226","1":"post","2":"type-post","3":"status-publish","4":"format-standard","5":"has-post-thumbnail","7":"category-aktualitet","8":"category-koment","9":"category-kryesore","10":"category-lajme"},"_links":{"self":[{"href":"https:\/\/zjarr.tv\/sq\/wp-json\/wp\/v2\/posts\/234226","targetHints":{"allow":["GET"]}}],"collection":[{"href":"https:\/\/zjarr.tv\/sq\/wp-json\/wp\/v2\/posts"}],"about":[{"href":"https:\/\/zjarr.tv\/sq\/wp-json\/wp\/v2\/types\/post"}],"author":[{"embeddable":true,"href":"https:\/\/zjarr.tv\/sq\/wp-json\/wp\/v2\/users\/2030"}],"replies":[{"embeddable":true,"href":"https:\/\/zjarr.tv\/sq\/wp-json\/wp\/v2\/comments?post=234226"}],"version-history":[{"count":0,"href":"https:\/\/zjarr.tv\/sq\/wp-json\/wp\/v2\/posts\/234226\/revisions"}],"wp:featuredmedia":[{"embeddable":true,"href":"https:\/\/zjarr.tv\/sq\/wp-json\/wp\/v2\/media\/234228"}],"wp:attachment":[{"href":"https:\/\/zjarr.tv\/sq\/wp-json\/wp\/v2\/media?parent=234226"}],"wp:term":[{"taxonomy":"category","embeddable":true,"href":"https:\/\/zjarr.tv\/sq\/wp-json\/wp\/v2\/categories?post=234226"},{"taxonomy":"post_tag","embeddable":true,"href":"https:\/\/zjarr.tv\/sq\/wp-json\/wp\/v2\/tags?post=234226"}],"curies":[{"name":"wp","href":"https:\/\/api.w.org\/{rel}","templated":true}]}}