{"id":234240,"date":"2022-02-01T20:47:44","date_gmt":"2022-02-01T19:47:44","guid":{"rendered":"https:\/\/zjarr.tv\/?p=234240"},"modified":"2022-02-01T20:47:44","modified_gmt":"2022-02-01T19:47:44","slug":"krahasimi-i-afrim-krasniqit-konsultimet-e-medha-te-partive-si-aksioni-politik-i-partise-komuniste-ne-1976","status":"publish","type":"post","link":"https:\/\/zjarr.tv\/sq\/krahasimi-i-afrim-krasniqit-konsultimet-e-medha-te-partive-si-aksioni-politik-i-partise-komuniste-ne-1976\/","title":{"rendered":"Krahasimi i Afrim Krasniqit: Konsultimet e \u201cm\u00ebdha\u201d t\u00eb partive, si aksioni politik i Partis\u00eb Komuniste n\u00eb 1976!"},"content":{"rendered":"<p>Politologu Afrim Krasniqi ka b\u00ebr\u00eb nj\u00eb krahasim mes konsultimeve t\u00eb \u201cm\u00ebdha\u201d t\u00eb partive t\u00eb sotme dhe aksionit t\u00eb madh politik mbi projekt kushtetut\u00ebn t\u00eb b\u00ebr\u00eb Partia Komuniste n\u00eb vitin 1976.<\/p>\n<p>Sipas tij, k\u00ebto konsultime t\u00eb partive jan\u00eb t\u00eb nj\u00ebjta me veprimet q\u00eb b\u00ebheshin n\u00eb komuniz\u00ebm, pra nuk jan\u00eb risi dhe as reform\u00eb, por jan\u00eb kryesisht akte populiste p\u00ebr t\u00eb legjitimuar at\u00eb q\u00eb duan drejtuesit.<\/p>\n<p>\u201cRetrospektiv\u00eb 1976. U zhvillua aksioni i madh politik mbi projekt kushtetut\u00ebn, aksion q\u00eb p\u00ebrfundoi \u201cme sukses\u201d. I gjith\u00eb populli 16+ vje\u00e7 u thirr n\u00eb mbledhje pionieri, fronti, rinie, partie, lagjie, ushtrie, kolektivi, veteran\u00ebsh, etj, p\u00ebr t\u00eb aprovuar Kushtetut\u00ebn e RPSSH, \u2013 Kushtetuta unike dhe natyrisht Kushtetuta m\u00eb negative n\u00eb historin\u00eb ton\u00eb: \u2013 nj\u00eb Kushtetut\u00eb q\u00eb ndalonte besimin n\u00eb Zot, ndalonte pron\u00ebn, lirit\u00eb, mendimet, organizimin dhe komunikimin me bot\u00ebn dhe q\u00eb natyrisht na \u00e7oi n\u00eb kriz\u00eb, varf\u00ebri, izolim t\u00eb thell\u00eb! <\/p>\n<p>N\u00eb politik\u00ebn &#038; shoq\u00ebrin\u00eb &#038; Shqip\u00ebrin\u00eb q\u00eb duam konsultimet jan\u00eb procedur\u00eb, por ka nj\u00eb mekaniz\u00ebm tjet\u00ebr konsultimi q\u00eb krijon legjitimitet e besueshm\u00ebri, \u2013 quhet referendum, nuk \u00ebsht\u00eb fjal\u00eb turpi dhe zhvillohet me votim t\u00eb fsheht\u00eb duke u bazuar n\u00eb votat pro &#038; kund\u00ebr opsioneve n\u00eb votim\u201d, shkruan Afrim Krasniqi.<\/p>\n","protected":false},"excerpt":{"rendered":"<p>Politologu Afrim Krasniqi ka b\u00ebr\u00eb nj\u00eb krahasim mes konsultimeve t\u00eb \u201cm\u00ebdha\u201d t\u00eb partive t\u00eb sotme dhe aksionit t\u00eb madh politik mbi projekt kushtetut\u00ebn t\u00eb b\u00ebr\u00eb Partia Komuniste n\u00eb vitin 1976. Sipas tij, k\u00ebto konsultime t\u00eb partive jan\u00eb t\u00eb nj\u00ebjta me veprimet q\u00eb b\u00ebheshin n\u00eb komuniz\u00ebm, pra nuk jan\u00eb risi dhe as reform\u00eb, por jan\u00eb kryesisht [&hellip;]<\/p>\n","protected":false},"author":2031,"featured_media":234243,"comment_status":"closed","ping_status":"closed","sticky":false,"template":"","format":"standard","meta":{"footnotes":""},"categories":[231],"tags":[],"class_list":{"0":"post-234240","1":"post","2":"type-post","3":"status-publish","4":"format-standard","5":"has-post-thumbnail","7":"category-lajme"},"_links":{"self":[{"href":"https:\/\/zjarr.tv\/sq\/wp-json\/wp\/v2\/posts\/234240","targetHints":{"allow":["GET"]}}],"collection":[{"href":"https:\/\/zjarr.tv\/sq\/wp-json\/wp\/v2\/posts"}],"about":[{"href":"https:\/\/zjarr.tv\/sq\/wp-json\/wp\/v2\/types\/post"}],"author":[{"embeddable":true,"href":"https:\/\/zjarr.tv\/sq\/wp-json\/wp\/v2\/users\/2031"}],"replies":[{"embeddable":true,"href":"https:\/\/zjarr.tv\/sq\/wp-json\/wp\/v2\/comments?post=234240"}],"version-history":[{"count":0,"href":"https:\/\/zjarr.tv\/sq\/wp-json\/wp\/v2\/posts\/234240\/revisions"}],"wp:featuredmedia":[{"embeddable":true,"href":"https:\/\/zjarr.tv\/sq\/wp-json\/wp\/v2\/media\/234243"}],"wp:attachment":[{"href":"https:\/\/zjarr.tv\/sq\/wp-json\/wp\/v2\/media?parent=234240"}],"wp:term":[{"taxonomy":"category","embeddable":true,"href":"https:\/\/zjarr.tv\/sq\/wp-json\/wp\/v2\/categories?post=234240"},{"taxonomy":"post_tag","embeddable":true,"href":"https:\/\/zjarr.tv\/sq\/wp-json\/wp\/v2\/tags?post=234240"}],"curies":[{"name":"wp","href":"https:\/\/api.w.org\/{rel}","templated":true}]}}