{"id":234245,"date":"2022-02-01T21:08:33","date_gmt":"2022-02-01T20:08:33","guid":{"rendered":"https:\/\/zjarr.tv\/?p=234245"},"modified":"2022-02-01T21:08:33","modified_gmt":"2022-02-01T20:08:33","slug":"eshte-si-vera-meta-flet-per-takimin-me-berishen-e-ka-deren-e-hapur-24-ore-ne-shtepine-time","status":"publish","type":"post","link":"https:\/\/zjarr.tv\/sq\/eshte-si-vera-meta-flet-per-takimin-me-berishen-e-ka-deren-e-hapur-24-ore-ne-shtepine-time\/","title":{"rendered":"\u201c\u00cbsht\u00eb si vera\u201d, Meta flet p\u00ebr takimin me Berish\u00ebn: E ka der\u00ebn e hapur 24 or\u00eb n\u00eb sht\u00ebpin\u00eb time"},"content":{"rendered":"<p>Presidenti i vendit Ilir Meta ka folur mbr\u00ebmjen e sotme p\u00ebr takimin me ish-kryeministrin Sali Berisha. Kreu i Shtetit tha n\u00eb nj\u00eb intervist\u00eb n\u00eb \u201cFaxweb\u201d se \u00ebsht\u00eb takuar para dy tre dit\u00ebsh me Berish\u00ebn, duke th\u00ebn\u00eb se lideri historik e ka der\u00ebn e hapur si n\u00eb Presidenc\u00eb, po ashtu edhe n\u00eb sht\u00ebpin\u00eb e tij.<\/p>\n<p>Sipas Met\u00ebs Berisha ka merit\u00ebn e tij pasi ka sjell\u00eb primaret, t\u00eb cilat duhet t\u2019i b\u00ebjn\u00eb t\u00eb gjitha partit\u00eb e tjera.<\/p>\n<p>Pyetje: U \u00e7mall\u00ebt me Sali Berish\u00ebn?<\/p>\n<p>Meta: Duhet t\u00eb ndajm\u00eb dy gj\u00ebra: tjet\u00ebr takimi dhe tjet\u00ebr negociatat. U takuam me Berish\u00ebn para 2-3 dit\u00ebsh. E kam k\u00ebrkuar q\u00eb n\u00eb N\u00ebntor, por ai ka patur probleme familjare. Me berish\u00ebn takohem \u00e7do sekond\u00eb, kjo karrige \u00ebsht\u00eb n\u00eb sh\u00ebrbim t\u00eb shtetit. Zot\u00ebria e ka der\u00ebn hapur k\u00ebtu dhe n\u00eb sht\u00ebpin\u00eb tim\u00eb 24 or\u00eb. Un\u00eb p\u00ebr t\u00eb mir\u00ebn e vendit bashk\u00ebpunoj me \u00e7do njeri. E kam th\u00ebn\u00eb se ai \u00ebsht\u00eb si vera, sa vjen dhe b\u00ebhet m\u00eb demokrat.Primaret tani po i sjell. Un\u00eb e kam pasur bindje dhe m\u00eb para se vendi nuk i lihet elitave, sepse mund t\u00eb korruptohen dhe shantazhohen leht\u00eb. Ne kemi par\u00eb sesi b\u00ebhen peng\u00eb t\u00eb faktor\u00ebve t\u00eb ndrysh\u00ebm<\/p>\n","protected":false},"excerpt":{"rendered":"<p>Presidenti i vendit Ilir Meta ka folur mbr\u00ebmjen e sotme p\u00ebr takimin me ish-kryeministrin Sali Berisha. Kreu i Shtetit tha n\u00eb nj\u00eb intervist\u00eb n\u00eb \u201cFaxweb\u201d se \u00ebsht\u00eb takuar para dy tre dit\u00ebsh me Berish\u00ebn, duke th\u00ebn\u00eb se lideri historik e ka der\u00ebn e hapur si n\u00eb Presidenc\u00eb, po ashtu edhe n\u00eb sht\u00ebpin\u00eb e tij. Sipas [&hellip;]<\/p>\n","protected":false},"author":2031,"featured_media":234246,"comment_status":"closed","ping_status":"closed","sticky":false,"template":"","format":"standard","meta":{"footnotes":""},"categories":[231],"tags":[],"class_list":{"0":"post-234245","1":"post","2":"type-post","3":"status-publish","4":"format-standard","5":"has-post-thumbnail","7":"category-lajme"},"_links":{"self":[{"href":"https:\/\/zjarr.tv\/sq\/wp-json\/wp\/v2\/posts\/234245","targetHints":{"allow":["GET"]}}],"collection":[{"href":"https:\/\/zjarr.tv\/sq\/wp-json\/wp\/v2\/posts"}],"about":[{"href":"https:\/\/zjarr.tv\/sq\/wp-json\/wp\/v2\/types\/post"}],"author":[{"embeddable":true,"href":"https:\/\/zjarr.tv\/sq\/wp-json\/wp\/v2\/users\/2031"}],"replies":[{"embeddable":true,"href":"https:\/\/zjarr.tv\/sq\/wp-json\/wp\/v2\/comments?post=234245"}],"version-history":[{"count":0,"href":"https:\/\/zjarr.tv\/sq\/wp-json\/wp\/v2\/posts\/234245\/revisions"}],"wp:featuredmedia":[{"embeddable":true,"href":"https:\/\/zjarr.tv\/sq\/wp-json\/wp\/v2\/media\/234246"}],"wp:attachment":[{"href":"https:\/\/zjarr.tv\/sq\/wp-json\/wp\/v2\/media?parent=234245"}],"wp:term":[{"taxonomy":"category","embeddable":true,"href":"https:\/\/zjarr.tv\/sq\/wp-json\/wp\/v2\/categories?post=234245"},{"taxonomy":"post_tag","embeddable":true,"href":"https:\/\/zjarr.tv\/sq\/wp-json\/wp\/v2\/tags?post=234245"}],"curies":[{"name":"wp","href":"https:\/\/api.w.org\/{rel}","templated":true}]}}