{"id":234259,"date":"2022-02-02T07:15:37","date_gmt":"2022-02-02T06:15:37","guid":{"rendered":"https:\/\/zjarr.tv\/?p=234259"},"modified":"2022-02-02T07:15:37","modified_gmt":"2022-02-02T06:15:37","slug":"agron-gjekmarkaj-kandidatet-e-berishes-nuk-kane-asnje-shans-qe-te-dalin-mbi-kandidatet-e-pd","status":"publish","type":"post","link":"https:\/\/zjarr.tv\/sq\/agron-gjekmarkaj-kandidatet-e-berishes-nuk-kane-asnje-shans-qe-te-dalin-mbi-kandidatet-e-pd\/","title":{"rendered":"Agron Gjekmarkaj: Kandidat\u00ebt e Berish\u00ebs nuk kan\u00eb asnj\u00eb shans q\u00eb t\u00eb dalin mbi kandidat\u00ebt e PD"},"content":{"rendered":"<p>N\u00ebnkryetari i Partis\u00eb Demokratike, Agron Gjekmarkaj, ka deklaruar mbr\u00ebmjen e djeshme se nuk shikon asnj\u00eb mund\u00ebsi q\u00eb kandidat\u00ebt e koalicionit \u201cSht\u00ebpia e Liris\u00eb\u201d t\u00eb dalin mbi kandidat\u00ebt e PD-s\u00eb.<\/p>\n<p>Ai tha n\u00eb Euronews Albania se elektorati do t\u2019i nd\u00ebshkoj\u00eb kandidat\u00ebt e Berish\u00ebs p\u00ebr faktin se ata paraqiten me logon e LSI-s\u00eb.<\/p>\n<p>\u201cNuk ka asnj\u00eb shans q\u00eb kandidat e LSI (kandidat\u00ebt e koalicionit \u2018Sht\u00ebpia e Liris\u00eb\u2019) t\u00eb dalin mbi kandidat\u00ebt e PD. Di q\u00eb jan\u00eb kandidat\u00eb t\u00eb LSI dhe do t\u00eb b\u00ebjn\u00eb fushat\u00eb si p\u00ebrfaq\u00ebsues t\u00eb k\u00ebsaj partie dhe do t\u00eb nd\u00ebshkohen nga elektorati\u201d, tha Gjekmarkaj.<\/p>\n<p>AI u shpreh se PD do t\u00eb hyj\u00eb p\u00ebr t\u00eb fituar zgjedhjet n\u00eb t\u00eb 6 bashkit\u00eb, nd\u00ebrsa shtoi se n\u00eb Shkod\u00ebr ka dy t\u00eb majta kund\u00ebr, Edi Ram\u00ebn dhe t\u00eb majt\u00ebn e bashkuar t\u00eb Ilir Met\u00ebs.<\/p>\n<p>\u201cNe kemi kandidat\u00eb shum\u00eb t\u00eb mir\u00eb dhe serioz\u00eb. Nuk shkojm\u00eb p\u00ebr t\u00eb dal\u00eb t\u00eb dyt\u00ebt apo t\u00eb tret\u00ebt por p\u00ebr t\u00eb fituar. PD n\u00eb Shkod\u00ebr ka dy t\u00eb majta, t\u00eb majt\u00ebn e Edi Ram\u00ebs dhe t\u00eb majt\u00ebn e bashkuar t\u00eb Ilir Met\u00ebs\u201d, u shpreh deputeti demokrat.<\/p>\n","protected":false},"excerpt":{"rendered":"<p>N\u00ebnkryetari i Partis\u00eb Demokratike, Agron Gjekmarkaj, ka deklaruar mbr\u00ebmjen e djeshme se nuk shikon asnj\u00eb mund\u00ebsi q\u00eb kandidat\u00ebt e koalicionit \u201cSht\u00ebpia e Liris\u00eb\u201d t\u00eb dalin mbi kandidat\u00ebt e PD-s\u00eb. Ai tha n\u00eb Euronews Albania se elektorati do t\u2019i nd\u00ebshkoj\u00eb kandidat\u00ebt e Berish\u00ebs p\u00ebr faktin se ata paraqiten me logon e LSI-s\u00eb. \u201cNuk ka asnj\u00eb shans [&hellip;]<\/p>\n","protected":false},"author":2031,"featured_media":181250,"comment_status":"closed","ping_status":"closed","sticky":false,"template":"","format":"standard","meta":{"footnotes":""},"categories":[231],"tags":[],"class_list":{"0":"post-234259","1":"post","2":"type-post","3":"status-publish","4":"format-standard","5":"has-post-thumbnail","7":"category-lajme"},"_links":{"self":[{"href":"https:\/\/zjarr.tv\/sq\/wp-json\/wp\/v2\/posts\/234259","targetHints":{"allow":["GET"]}}],"collection":[{"href":"https:\/\/zjarr.tv\/sq\/wp-json\/wp\/v2\/posts"}],"about":[{"href":"https:\/\/zjarr.tv\/sq\/wp-json\/wp\/v2\/types\/post"}],"author":[{"embeddable":true,"href":"https:\/\/zjarr.tv\/sq\/wp-json\/wp\/v2\/users\/2031"}],"replies":[{"embeddable":true,"href":"https:\/\/zjarr.tv\/sq\/wp-json\/wp\/v2\/comments?post=234259"}],"version-history":[{"count":0,"href":"https:\/\/zjarr.tv\/sq\/wp-json\/wp\/v2\/posts\/234259\/revisions"}],"wp:featuredmedia":[{"embeddable":true,"href":"https:\/\/zjarr.tv\/sq\/wp-json\/wp\/v2\/media\/181250"}],"wp:attachment":[{"href":"https:\/\/zjarr.tv\/sq\/wp-json\/wp\/v2\/media?parent=234259"}],"wp:term":[{"taxonomy":"category","embeddable":true,"href":"https:\/\/zjarr.tv\/sq\/wp-json\/wp\/v2\/categories?post=234259"},{"taxonomy":"post_tag","embeddable":true,"href":"https:\/\/zjarr.tv\/sq\/wp-json\/wp\/v2\/tags?post=234259"}],"curies":[{"name":"wp","href":"https:\/\/api.w.org\/{rel}","templated":true}]}}