{"id":234273,"date":"2022-02-02T09:09:25","date_gmt":"2022-02-02T08:09:25","guid":{"rendered":"https:\/\/zjarr.tv\/?p=234273"},"modified":"2022-02-02T09:09:25","modified_gmt":"2022-02-02T08:09:25","slug":"ps-cel-sot-zyrtarisht-fushaten-e-pjesshme-zgjedhore-ne-lushnje","status":"publish","type":"post","link":"https:\/\/zjarr.tv\/sq\/ps-cel-sot-zyrtarisht-fushaten-e-pjesshme-zgjedhore-ne-lushnje\/","title":{"rendered":"PS \u00e7el sot zyrtarisht fushat\u00ebn e pjesshme zgjedhore n\u00eb Lushnj\u00eb"},"content":{"rendered":"<p>Partia Socialiste do t\u00eb \u00e7el\u00eb sot zyrtarisht fushat\u00ebn p\u00ebr Bashkin\u00eb e Lushnjes. Lajmin e b\u00ebn t\u00eb ditur drejtuesi politik i qarkut t\u00eb Fierit, Taulant Balla p\u00ebrmes nj\u00eb postimi n\u00eb rrjetet sociale.<\/p>\n<p>Kujtojm\u00eb se n\u00eb gar\u00eb p\u00ebr Bashkin\u00eb e Lushnjes nga ana e socialist\u00ebve \u00ebsht\u00eb kryetarja aktuale Eriselda Sefa.<\/p>\n<p>Zgjedhjet n\u00eb Bashkin\u00eb e Lushnjes jan\u00eb t\u00eb parakohshme pas arrestimit t\u00eb Fatos Tushes n\u00ebn akuz\u00ebn e korrupsionit me tenderat dhe shp\u00ebrdorimit t\u00eb detyr\u00ebs.<\/p>\n<p>Zyrtarisht sipas KQZ fushata p\u00ebr zgjedhjet e pjesshme t\u00eb 6 Marsit do t\u00eb zgjas\u00eb dy jav\u00eb.<\/p>\n<p>&#8220;Me Eriselda Sefa vet\u00ebm n\u00eb pak jav\u00eb startoi nj\u00eb qasje e re n\u00eb administrimin e bashkis\u00eb. Eksperienca e saj prej 16 vitesh n\u00eb qeverisjen vendore me fokus tek projektet me donator\u00ebt e huaj, e dhan\u00eb menjeher\u00eb efektin pozitiv, megjith\u00eb koh\u00ebn e shkurt\u00ebr.<\/p>\n<p>Eriselda ka nevoj\u00eb p\u00ebr vot\u00ebbesimin masiv t\u00eb lushnjar\u00ebve p\u00ebr t\u00eb vazhduar pun\u00ebt e nisura, p\u00ebr t\u00eb hapur kantiere t\u00eb reja pun\u00ebsh publike dhe infrastruktur\u00ebs bujq\u00ebsore s\u00ebbashku me ekipin e saj. Un\u00eb kam nderin t\u00eb drejtoj Partin\u00eb Socialiste n\u00eb Lushnje n\u00eb k\u00ebt\u00eb fushat\u00eb t\u00eb par\u00eb timen aty dhe e di shum\u00eb mir\u00eb se \u00e7far\u00eb duhet t\u00eb ndryshojm\u00eb dhe b\u00ebjm\u00eb m\u00eb mir\u00eb q\u00eb lushnjar\u00ebt t\u00eb na japin miratimin e tyre&#8221;-shkruan Balla<\/p>\n","protected":false},"excerpt":{"rendered":"<p>Partia Socialiste do t\u00eb \u00e7el\u00eb sot zyrtarisht fushat\u00ebn p\u00ebr Bashkin\u00eb e Lushnjes. Lajmin e b\u00ebn t\u00eb ditur drejtuesi politik i qarkut t\u00eb Fierit, Taulant Balla p\u00ebrmes nj\u00eb postimi n\u00eb rrjetet sociale. Kujtojm\u00eb se n\u00eb gar\u00eb p\u00ebr Bashkin\u00eb e Lushnjes nga ana e socialist\u00ebve \u00ebsht\u00eb kryetarja aktuale Eriselda Sefa. Zgjedhjet n\u00eb Bashkin\u00eb e Lushnjes jan\u00eb t\u00eb [&hellip;]<\/p>\n","protected":false},"author":2031,"featured_media":177801,"comment_status":"closed","ping_status":"closed","sticky":false,"template":"","format":"standard","meta":{"footnotes":""},"categories":[231],"tags":[],"class_list":{"0":"post-234273","1":"post","2":"type-post","3":"status-publish","4":"format-standard","5":"has-post-thumbnail","7":"category-lajme"},"_links":{"self":[{"href":"https:\/\/zjarr.tv\/sq\/wp-json\/wp\/v2\/posts\/234273","targetHints":{"allow":["GET"]}}],"collection":[{"href":"https:\/\/zjarr.tv\/sq\/wp-json\/wp\/v2\/posts"}],"about":[{"href":"https:\/\/zjarr.tv\/sq\/wp-json\/wp\/v2\/types\/post"}],"author":[{"embeddable":true,"href":"https:\/\/zjarr.tv\/sq\/wp-json\/wp\/v2\/users\/2031"}],"replies":[{"embeddable":true,"href":"https:\/\/zjarr.tv\/sq\/wp-json\/wp\/v2\/comments?post=234273"}],"version-history":[{"count":0,"href":"https:\/\/zjarr.tv\/sq\/wp-json\/wp\/v2\/posts\/234273\/revisions"}],"wp:featuredmedia":[{"embeddable":true,"href":"https:\/\/zjarr.tv\/sq\/wp-json\/wp\/v2\/media\/177801"}],"wp:attachment":[{"href":"https:\/\/zjarr.tv\/sq\/wp-json\/wp\/v2\/media?parent=234273"}],"wp:term":[{"taxonomy":"category","embeddable":true,"href":"https:\/\/zjarr.tv\/sq\/wp-json\/wp\/v2\/categories?post=234273"},{"taxonomy":"post_tag","embeddable":true,"href":"https:\/\/zjarr.tv\/sq\/wp-json\/wp\/v2\/tags?post=234273"}],"curies":[{"name":"wp","href":"https:\/\/api.w.org\/{rel}","templated":true}]}}