{"id":234277,"date":"2022-02-02T11:21:49","date_gmt":"2022-02-02T10:21:49","guid":{"rendered":"https:\/\/zjarr.tv\/?p=234277"},"modified":"2022-02-02T11:21:49","modified_gmt":"2022-02-02T10:21:49","slug":"zgjimi-i-madh","status":"publish","type":"post","link":"https:\/\/zjarr.tv\/sq\/zgjimi-i-madh\/","title":{"rendered":"&#8220;Zgjimi i Madh&#8221;"},"content":{"rendered":"<p>Nga redaksia Zjarr Tv<\/p>\n<p>Ka shum\u00eb vaksina q\u00eb kam njohur n\u00eb jet\u00ebn time:<\/p>\n<p>&#8211; difteria<\/p>\n<p>&#8211; tetanozi<\/p>\n<p>&#8211; lia<\/p>\n<p>&#8211; tifoja<\/p>\n<p>&#8211; antraksi<\/p>\n<p>&#8211; rotavirusi<\/p>\n<p>&#8211; fruthi<\/p>\n<p>&#8211; rubeola<\/p>\n<p>&#8211; lija e dhenve<\/p>\n<p>&#8211; hepatiti<\/p>\n<p>&#8211; meningjiti<\/p>\n<p>&#8211; tuberkulozi etj etj..<\/p>\n<p>Dua t\u00eb shtoj gjithashtu:<\/p>\n<p>&#8211; gripi dhe pneumonia.<\/p>\n<p>Nuk kam par\u00eb kurr\u00eb nj\u00eb vaksin\u00eb q\u00eb t\u00eb detyronte t\u00eb mbaje mask\u00eb dhe t\u00eb ruaje distanc\u00eb sociale edhe kur je plot\u00ebsisht i vaksinuar.<\/p>\n<p>Nuk kam d\u00ebgjuar kurr\u00eb p\u00ebr nj\u00eb vaksin\u00eb q\u00eb p\u00ebrhap virusin edhe pas vaksinimit.<\/p>\n<p>Nuk kam d\u00ebgjuar kurr\u00eb p\u00ebr shp\u00ebrblime, ulje, stimuj p\u00ebr t&#8217;u vaksinuar.<\/p>\n<p>Nuk kam par\u00eb kurr\u00eb diskriminim p\u00ebr ata q\u00eb nuk jan\u00eb vaksinuar<\/p>\n<p>N\u00ebse nuk jeni vaksinuar, askush nuk \u00ebsht\u00eb p\u00ebrpjekur t&#8217;ju b\u00ebj\u00eb t\u00eb ndiheni si nj\u00eb person i keq.<\/p>\n<p>Nuk kam par\u00eb kurr\u00eb nj\u00eb vaksin\u00eb q\u00eb k\u00ebrc\u00ebnon marr\u00ebdh\u00ebniet mes familjes, koleg\u00ebve dhe miqve.<\/p>\n<p>Nuk kam par\u00eb kurr\u00eb nj\u00eb vaksin\u00eb t\u00eb p\u00ebrdorur p\u00ebr t\u00eb k\u00ebrc\u00ebnuar jetes\u00ebn, pun\u00ebn apo shkoll\u00ebn.<\/p>\n<p>Nuk kam par\u00eb kurr\u00eb nj\u00eb vaksin\u00eb q\u00eb do t\u00eb lejonte nj\u00eb 12-vje\u00e7ar t\u00eb anashkalonte p\u00eblqimin prind\u00ebror. VET\u00cbM SOT!<\/p>\n<p>Pas t\u00eb gjitha vaksinave q\u00eb rendita m\u00eb sip\u00ebr, nuk kam par\u00eb kurr\u00eb nj\u00eb vaksin\u00eb si kjo, e cila diskriminon, ndan dhe gjykon shoq\u00ebrin\u00eb ashtu si\u00e7 \u00ebsht\u00eb.<\/p>\n<p>Nd\u00ebrkoh\u00eb q\u00eb struktura sociale shtr\u00ebngohet\u2026 \u00cbsht\u00eb nj\u00eb vaksin\u00eb e fuqishme<\/p>\n<p>Ajo i b\u00ebn t\u00eb gjitha k\u00ebto p\u00ebrve\u00e7 Imunizimit.<\/p>\n<p>N\u00ebse ende kemi nevoj\u00eb:<\/p>\n<p>\u2014 Nj\u00eb doz\u00eb p\u00ebrforcuese pasi t\u00eb jemi vaksinuar plot\u00ebsisht,<\/p>\n<p>\u2014 dhe prap na duhet t\u00eb marrim nj\u00eb test negativ pasi t\u00eb jemi vaksinuar plot\u00ebsisht<\/p>\n<p>\u2014 \u00a0dhe ende duhet t\u00eb mbajm\u00eb mask\u00eb pasi t\u00eb jemi vaksinuar plot\u00ebsisht<\/p>\n<p>\u2014 \u00a0dhe t\u00eb jemi akoma t\u00eb shtruar n\u00eb spital pasi t\u00eb jemi vaksinuar plot\u00ebsisht<\/p>\n<p>&#8220;\u00cbsht\u00eb koha q\u00eb njer\u00ebzit t\u00eb pranojn\u00eb se jan\u00eb mashtruar plot\u00ebsisht!&#8221;<\/p>\n","protected":false},"excerpt":{"rendered":"<p>Nga redaksia Zjarr Tv Ka shum\u00eb vaksina q\u00eb kam njohur n\u00eb jet\u00ebn time: &#8211; difteria &#8211; tetanozi &#8211; lia &#8211; tifoja &#8211; antraksi &#8211; rotavirusi &#8211; fruthi &#8211; rubeola &#8211; lija e dhenve &#8211; hepatiti &#8211; meningjiti &#8211; tuberkulozi etj etj.. Dua t\u00eb shtoj gjithashtu: &#8211; gripi dhe pneumonia. Nuk kam par\u00eb kurr\u00eb nj\u00eb vaksin\u00eb [&hellip;]<\/p>\n","protected":false},"author":2030,"featured_media":234278,"comment_status":"closed","ping_status":"closed","sticky":false,"template":"","format":"standard","meta":{"footnotes":""},"categories":[241,3366,5380,235],"tags":[],"class_list":{"0":"post-234277","1":"post","2":"type-post","3":"status-publish","4":"format-standard","5":"has-post-thumbnail","7":"category-aktualitet","8":"category-koment","9":"category-kryesore","10":"category-vendi"},"_links":{"self":[{"href":"https:\/\/zjarr.tv\/sq\/wp-json\/wp\/v2\/posts\/234277","targetHints":{"allow":["GET"]}}],"collection":[{"href":"https:\/\/zjarr.tv\/sq\/wp-json\/wp\/v2\/posts"}],"about":[{"href":"https:\/\/zjarr.tv\/sq\/wp-json\/wp\/v2\/types\/post"}],"author":[{"embeddable":true,"href":"https:\/\/zjarr.tv\/sq\/wp-json\/wp\/v2\/users\/2030"}],"replies":[{"embeddable":true,"href":"https:\/\/zjarr.tv\/sq\/wp-json\/wp\/v2\/comments?post=234277"}],"version-history":[{"count":0,"href":"https:\/\/zjarr.tv\/sq\/wp-json\/wp\/v2\/posts\/234277\/revisions"}],"wp:featuredmedia":[{"embeddable":true,"href":"https:\/\/zjarr.tv\/sq\/wp-json\/wp\/v2\/media\/234278"}],"wp:attachment":[{"href":"https:\/\/zjarr.tv\/sq\/wp-json\/wp\/v2\/media?parent=234277"}],"wp:term":[{"taxonomy":"category","embeddable":true,"href":"https:\/\/zjarr.tv\/sq\/wp-json\/wp\/v2\/categories?post=234277"},{"taxonomy":"post_tag","embeddable":true,"href":"https:\/\/zjarr.tv\/sq\/wp-json\/wp\/v2\/tags?post=234277"}],"curies":[{"name":"wp","href":"https:\/\/api.w.org\/{rel}","templated":true}]}}