{"id":234305,"date":"2022-02-02T13:58:00","date_gmt":"2022-02-02T12:58:00","guid":{"rendered":"https:\/\/zjarr.tv\/?p=234305"},"modified":"2022-02-02T13:58:00","modified_gmt":"2022-02-02T12:58:00","slug":"cmimi-i-naftes-shkon-ne-195-leke-l-ibrahimaj-nuk-kemi-asnje-plan-per-rishikimin-e-taksave-eshte-kalimtare","status":"publish","type":"post","link":"https:\/\/zjarr.tv\/sq\/cmimi-i-naftes-shkon-ne-195-leke-l-ibrahimaj-nuk-kemi-asnje-plan-per-rishikimin-e-taksave-eshte-kalimtare\/","title":{"rendered":"\u00c7mimi i naft\u00ebs shkon n\u00eb 195 lek\u00eb\/L, Ibrahimaj: Nuk kemi asnj\u00eb plan p\u00ebr rishikimin e taksave! \u00cbsht\u00eb kalimtare"},"content":{"rendered":"<p>Gjat\u00eb dit\u00ebve t\u00eb fundit, \u00e7mimi i naft\u00ebs n\u00eb vend \u00ebsht\u00eb rritur s\u00ebrish duke shkuar deri n\u00eb 195 lek\u00eb p\u00ebr lit\u00ebr, mir\u00ebpo kjo rritje sipas ministres s\u00eb Financave, Delina Ibrahimaj, do t\u00eb jet\u00eb kalimtare dhe se qeveria po monitoron q\u00eb kjo rritje e \u00e7mimit t\u00eb naft\u00ebs t\u00eb mos ket\u00eb efekte zinxhir edhe rritjen e \u00e7mimeve t\u00eb produkteve t\u00eb tjera.<\/p>\n<p>Pavar\u00ebsisht k\u00ebsaj rritje t\u00eb \u00e7mimit Ibrahimaj tha se nuk \u00ebsht\u00eb e nevojshme q\u00eb t\u00eb rishikohen taksat p\u00ebr naft\u00ebn dhe n\u00ebnproduktet e saj. Kjo sepse sipas ministres s\u00eb Financave, Delina Ibrahimaj kjo \u00ebsht\u00eb nj\u00eb luhajtje momentale e tregut.<\/p>\n<p>\u201cRritja e \u00e7mimit t\u00eb naft\u00ebs jan\u00eb dhe kan\u00eb qen\u00eb subjekt i rritjeve prej muajsh, jo vet\u00ebm n\u00eb Shqip\u00ebri, por n\u00eb \u00e7do vend, jan\u00eb t\u00eb ndikuara nga rritja e \u00e7mimeve n\u00eb bursa dhe ne jemi n\u00eb monitorim t\u00eb vazhduesh\u00ebm q\u00eb t\u00eb mos ken\u00eb efekte zinxhir. Un\u00eb dua t\u00eb garantoj q\u00eb ne nuk mund t\u00eb nd\u00ebrhyrjm\u00eb n\u00eb \u00e7mime, mund t\u00eb marrim politika t\u00eb tjera mbrojt\u00ebse. Pritet q\u00eb k\u00ebto \u00e7mime t\u00eb reduktohen pas 6 mujorit t\u00eb k\u00ebtij viti, rritja e \u00e7mimeve do t\u00eb jet\u00eb kalimtare. Politikat e taksave nuk mund t\u00eb ndikohen nga luhatja e \u00e7mimeve. P\u00ebr momentin nuk ka asnj\u00eb rishikim t\u00eb politikave t\u00eb taksave\u201d, tha ajo.<\/p>\n<p>Nd\u00ebrkoh\u00eb, K\u00ebshilli i Ministrave ka miratuar sot edhe vendimin p\u00ebr pag\u00ebn minimale edhe p\u00ebr vitin 2022 p\u00ebr naft\u00ebtar\u00ebt e Ballshit.<\/p>\n<p>\u201cN\u00eb 2022 do ket\u00eb nj\u00eb pages\u00eb kalimtare me pag\u00eb minimale dhe sigurime q\u00eb do u jepen ish-punonj\u00ebsve t\u00eb rafineris\u00eb s\u00eb punonj\u00ebsve t\u00eb Ballshit. Ish punonj\u00ebsit t\u00eb dor\u00ebzojn\u00eb dokumentacionin\u201d, tha Ibrahimaj.<\/p>\n","protected":false},"excerpt":{"rendered":"<p>Gjat\u00eb dit\u00ebve t\u00eb fundit, \u00e7mimi i naft\u00ebs n\u00eb vend \u00ebsht\u00eb rritur s\u00ebrish duke shkuar deri n\u00eb 195 lek\u00eb p\u00ebr lit\u00ebr, mir\u00ebpo kjo rritje sipas ministres s\u00eb Financave, Delina Ibrahimaj, do t\u00eb jet\u00eb kalimtare dhe se qeveria po monitoron q\u00eb kjo rritje e \u00e7mimit t\u00eb naft\u00ebs t\u00eb mos ket\u00eb efekte zinxhir edhe rritjen e \u00e7mimeve t\u00eb [&hellip;]<\/p>\n","protected":false},"author":2030,"featured_media":234306,"comment_status":"closed","ping_status":"closed","sticky":false,"template":"","format":"standard","meta":{"footnotes":""},"categories":[241,3366,231,1454],"tags":[],"class_list":{"0":"post-234305","1":"post","2":"type-post","3":"status-publish","4":"format-standard","5":"has-post-thumbnail","7":"category-aktualitet","8":"category-koment","9":"category-lajme","10":"category-politike"},"_links":{"self":[{"href":"https:\/\/zjarr.tv\/sq\/wp-json\/wp\/v2\/posts\/234305","targetHints":{"allow":["GET"]}}],"collection":[{"href":"https:\/\/zjarr.tv\/sq\/wp-json\/wp\/v2\/posts"}],"about":[{"href":"https:\/\/zjarr.tv\/sq\/wp-json\/wp\/v2\/types\/post"}],"author":[{"embeddable":true,"href":"https:\/\/zjarr.tv\/sq\/wp-json\/wp\/v2\/users\/2030"}],"replies":[{"embeddable":true,"href":"https:\/\/zjarr.tv\/sq\/wp-json\/wp\/v2\/comments?post=234305"}],"version-history":[{"count":0,"href":"https:\/\/zjarr.tv\/sq\/wp-json\/wp\/v2\/posts\/234305\/revisions"}],"wp:featuredmedia":[{"embeddable":true,"href":"https:\/\/zjarr.tv\/sq\/wp-json\/wp\/v2\/media\/234306"}],"wp:attachment":[{"href":"https:\/\/zjarr.tv\/sq\/wp-json\/wp\/v2\/media?parent=234305"}],"wp:term":[{"taxonomy":"category","embeddable":true,"href":"https:\/\/zjarr.tv\/sq\/wp-json\/wp\/v2\/categories?post=234305"},{"taxonomy":"post_tag","embeddable":true,"href":"https:\/\/zjarr.tv\/sq\/wp-json\/wp\/v2\/tags?post=234305"}],"curies":[{"name":"wp","href":"https:\/\/api.w.org\/{rel}","templated":true}]}}