{"id":234522,"date":"2022-02-03T13:54:11","date_gmt":"2022-02-03T12:54:11","guid":{"rendered":"https:\/\/zjarr.tv\/?p=234522"},"modified":"2022-02-03T13:54:11","modified_gmt":"2022-02-03T12:54:11","slug":"zgjidhet-problemi-i-149-punonjesve-te-fasonerise-ne-bilisht-ibrahimaj-takon-pronaret-do-monitoroheni-ne-vazhdimesi","status":"publish","type":"post","link":"https:\/\/zjarr.tv\/sq\/zgjidhet-problemi-i-149-punonjesve-te-fasonerise-ne-bilisht-ibrahimaj-takon-pronaret-do-monitoroheni-ne-vazhdimesi\/","title":{"rendered":"Zgjidhet problemi i 149 punonj\u00ebsve t\u00eb fasoneris\u00eb n\u00eb Bilisht, Ibrahimaj takon pronar\u00ebt: Do monitoroheni n\u00eb vazhdim\u00ebsi"},"content":{"rendered":"<p>Zgjidhet problemi i punonj\u00ebsve t\u00eb nj\u00eb fasonerie n\u00eb Bilisht t\u00eb Kor\u00e7\u00ebs, pas nd\u00ebrhyrjes s\u00eb Ministres s\u00eb Financave, Delina Ibrahimaj.<\/p>\n<p>Ministrja Ibrahimaj ka shkuar sot n\u00eb Bilisht ku \u00ebsht\u00eb takuar 149 punonj\u00ebsit e fasoneris\u00eb dhe dy prej pronar\u00ebve. Ajo u shpreh se pronar\u00ebt jan\u00eb zotuar t\u00eb respektojn\u00eb kontrat\u00ebn, nd\u00ebrsa i paralajm\u00ebroi se do t\u00eb jen\u00eb n\u00eb monitorim t\u00eb vazhduesh\u00ebm si ata, por edhe biznese t\u00eb tjera.<\/p>\n<p>Deklarata e Ibrahimajt:<\/p>\n<p>Jemi sot n\u00eb Bilisht pran\u00eb nj\u00eb fasonerie, pononj\u00ebsit e s\u00eb cil\u00ebs jan\u00eb ankuar p\u00ebr pagat, mosrespektimit t\u00eb kodit t\u00eb pun\u00ebs. Jemi ulur me t\u00eb gjith\u00eb p\u00ebrfaq\u00ebsuesit e kompanis\u00eb q\u00eb ka 149 punonj\u00ebs. Pam\u00eb t\u00eb gjith\u00eb element\u00ebt e kontrat\u00ebs, si do t\u00eb b\u00ebhen pagesat n\u00eb rast pushimi, festash, dhe si do t\u00eb p\u00ebrcaktohen pagesat p\u00ebr norm\u00ebn e pun\u00ebs. Mb\u00ebshtesim nism\u00ebn e punonj\u00ebsve q\u00eb ngrit\u00ebn z\u00ebrin e tyre.<\/p>\n<p>Jam k\u00ebtu edhe me dy pronar\u00ebt e fasoneris\u00eb, t\u00eb cil\u00ebt jan\u00eb t\u00eb nd\u00ebrgjegjsh\u00ebm dhe mor\u00ebn sot k\u00ebrkesat. Ne do t\u00eb vazhdojm\u00eb t\u00eb mbajm\u00eb n\u00ebn monitorim k\u00ebt\u00eb fasoneri, por edhe t\u00eb tjera. N\u00ebse nuk respektohen, do t\u00eb jen\u00eb subjekt i kontrolleve tatimore.<\/p>\n","protected":false},"excerpt":{"rendered":"<p>Zgjidhet problemi i punonj\u00ebsve t\u00eb nj\u00eb fasonerie n\u00eb Bilisht t\u00eb Kor\u00e7\u00ebs, pas nd\u00ebrhyrjes s\u00eb Ministres s\u00eb Financave, Delina Ibrahimaj. Ministrja Ibrahimaj ka shkuar sot n\u00eb Bilisht ku \u00ebsht\u00eb takuar 149 punonj\u00ebsit e fasoneris\u00eb dhe dy prej pronar\u00ebve. Ajo u shpreh se pronar\u00ebt jan\u00eb zotuar t\u00eb respektojn\u00eb kontrat\u00ebn, nd\u00ebrsa i paralajm\u00ebroi se do t\u00eb jen\u00eb n\u00eb [&hellip;]<\/p>\n","protected":false},"author":2030,"featured_media":234523,"comment_status":"closed","ping_status":"closed","sticky":false,"template":"","format":"standard","meta":{"footnotes":""},"categories":[241,3366,231,1454],"tags":[],"class_list":{"0":"post-234522","1":"post","2":"type-post","3":"status-publish","4":"format-standard","5":"has-post-thumbnail","7":"category-aktualitet","8":"category-koment","9":"category-lajme","10":"category-politike"},"_links":{"self":[{"href":"https:\/\/zjarr.tv\/sq\/wp-json\/wp\/v2\/posts\/234522","targetHints":{"allow":["GET"]}}],"collection":[{"href":"https:\/\/zjarr.tv\/sq\/wp-json\/wp\/v2\/posts"}],"about":[{"href":"https:\/\/zjarr.tv\/sq\/wp-json\/wp\/v2\/types\/post"}],"author":[{"embeddable":true,"href":"https:\/\/zjarr.tv\/sq\/wp-json\/wp\/v2\/users\/2030"}],"replies":[{"embeddable":true,"href":"https:\/\/zjarr.tv\/sq\/wp-json\/wp\/v2\/comments?post=234522"}],"version-history":[{"count":0,"href":"https:\/\/zjarr.tv\/sq\/wp-json\/wp\/v2\/posts\/234522\/revisions"}],"wp:featuredmedia":[{"embeddable":true,"href":"https:\/\/zjarr.tv\/sq\/wp-json\/wp\/v2\/media\/234523"}],"wp:attachment":[{"href":"https:\/\/zjarr.tv\/sq\/wp-json\/wp\/v2\/media?parent=234522"}],"wp:term":[{"taxonomy":"category","embeddable":true,"href":"https:\/\/zjarr.tv\/sq\/wp-json\/wp\/v2\/categories?post=234522"},{"taxonomy":"post_tag","embeddable":true,"href":"https:\/\/zjarr.tv\/sq\/wp-json\/wp\/v2\/tags?post=234522"}],"curies":[{"name":"wp","href":"https:\/\/api.w.org\/{rel}","templated":true}]}}