{"id":234548,"date":"2022-02-03T15:08:38","date_gmt":"2022-02-03T14:08:38","guid":{"rendered":"https:\/\/zjarr.tv\/?p=234548"},"modified":"2022-02-03T15:08:38","modified_gmt":"2022-02-03T14:08:38","slug":"protestuesit-apel-ambasadorit-te-be-i-pergjigjen-edhe-rames-na-keni-grabitur","status":"publish","type":"post","link":"https:\/\/zjarr.tv\/sq\/protestuesit-apel-ambasadorit-te-be-i-pergjigjen-edhe-rames-na-keni-grabitur\/","title":{"rendered":"Protestuesit apel ambasadorit t\u00eb BE\/ I p\u00ebrgjigjen edhe Ram\u00ebs: Na keni grabitur"},"content":{"rendered":"<p>Pas protest\u00ebs dhe apeleve drejtuar ambasadores s\u00eb SHBA-s\u00eb n\u00eb Tiran\u00eb, qytetar\u00ebt e zonave t\u00eb Laprak\u00ebs, Paskuqanit dhe \u20185 majit\u2019 jan\u00eb drejtuar tek zyrat e delegacionit t\u00eb BE-s\u00eb n\u00eb Tiran\u00eb. Ata i kan\u00eb b\u00ebr\u00eb apel ambasadorit Luigi Soreca, p\u00ebr t\u00eb nd\u00ebrhyr\u00eb n\u00eb zgjidhjen e k\u00ebsaj problematike, duke i\u2019u p\u00ebrgjigjur edhe Edi Ram\u00ebs. Ata kan\u00eb th\u00ebn\u00eb se nuk kan\u00eb p\u00ebrfituar asgj\u00eb, ndryshe nga se\u00e7 pretendon Rama n\u00eb Facebook.<\/p>\n<p>Qytetar\u00ebt kan\u00eb n\u00ebnvizuar se jan\u00eb qytetar\u00eb me t\u00eb drejta t\u00eb plota dhe k\u00ebrkojn\u00eb q\u00eb t\u00eb respektohet ligji. \u2018Ne zoti Rama nuk marrim at\u00eb q\u00eb na takon. Ne duam at\u00eb q\u00eb na takon neve. Duam at\u00eb q\u00eb kemi me djers\u00ebn dhe mundin ton\u00eb, duam t\u00eb marrim at\u00eb q\u00eb na keni premtuar. Ne do t\u00eb marrim at\u00eb q\u00eb na takon me djers\u00eb nga Kushtetuta dhe Kodi Civil.<\/p>\n<p>Ne kemi legalizimet dhe pagesat e nevojshme. Ne k\u00ebrkojm\u00eb t\u00eb njihen ligjet q\u00eb keni miratuar ju. Ne k\u00ebrkojm\u00eb q\u00eb ato q\u00eb ke miratuar me VKM t\u00eb zbatohen. Ne sot s\u2019kemi banesa ku t\u00eb jetojm\u00eb. S\u2019kemi lek\u00eb p\u00ebr qira. Kjo nuk \u00ebsht\u00eb aktmarr\u00ebveshje. N\u00eb \u00e7do aktmarr\u00ebveshje t\u00eb b\u00ebr\u00eb nga kryetari i bashkis\u00eb thot\u00eb q\u00eb do t\u00eb mbaroni n\u00eb filan dit\u00eb pages\u00eb, por ne se kemi t\u00eb paracaktuar k\u00ebt\u00eb.<\/p>\n<p>Ju t\u00ebrhiqni v\u00ebmendjen parlamentit, kryeministrit, ne po persekutohemi. Ne po grabitemi. Ju lutem reagoni. Jemi qytetar\u00eb q\u00eb duam t\u00eb jetojm\u00eb, na jepni vizat t\u00eb ikim q\u00eb k\u00ebtu dhe sillni n\u00eb Shqip\u00ebri k\u00eb t\u00eb doni\u2019, tha qytetari. Nj\u00eb tjet\u00ebr qytetar ka k\u00ebrkuar nga ambasadori Soreca q\u00eb t\u00eb nd\u00ebrhyj\u00eb, ose n\u00eb t\u00eb kund\u00ebrt sipas tij do t\u00eb detyrohen t\u00eb dynden n\u00eb ambasada t\u00eb marrin viza e t\u00eb largohen, nj\u00ebjt\u00eb si n\u00eb vitin 1990.<\/p>\n<p>Zoti Ambasador ju k\u00ebrkojm\u00eb t\u00eb b\u00ebni takim me qeverin\u00eb shqiptare dhe i k\u00ebrkoni t\u00eb zbatojn\u00eb ligjet. Ju i thoni qeveritar\u00ebve se si i trajtoni qytetar\u00ebt e bot\u00ebs dhe si trajtohen n\u00eb Shqip\u00ebri. K\u00ebrkojini llogari e mos mashtroheni nga fjal\u00ebt q\u00eb thon\u00eb. Edhe nj\u00ebher\u00eb mos i besoni fjal\u00ebve t\u00eb tyre dhe ne mos t\u00eb kthehemi n\u00eb \u201990-\u00ebn e t\u00eb dyndemi ambasad\u00ebs p\u00ebr shp\u00ebtimin e jet\u00ebve tona. ne k\u00ebrkojm\u00eb mbrojtjen e sht\u00ebpive tona q\u00eb kemi 30 vite q\u00eb i kemi nd\u00ebrtuar. S\u2019kemi sht\u00ebpi n\u00eb Gjirin e Lalzit, n\u00eb Durr\u00ebs apo Dh\u00ebrmi. Kemi vet\u00ebm nj\u00eb sht\u00ebpi t\u00eb b\u00ebr\u00eb me djers\u00eb e ndaj po protestojm\u00eb. Ju lutem vendosni dor\u00ebn n\u00eb zem\u00ebr dhe t\u00eb respektohet ligji\u2019, u shpreh qytetari.<\/p>\n","protected":false},"excerpt":{"rendered":"<p>Pas protest\u00ebs dhe apeleve drejtuar ambasadores s\u00eb SHBA-s\u00eb n\u00eb Tiran\u00eb, qytetar\u00ebt e zonave t\u00eb Laprak\u00ebs, Paskuqanit dhe \u20185 majit\u2019 jan\u00eb drejtuar tek zyrat e delegacionit t\u00eb BE-s\u00eb n\u00eb Tiran\u00eb. Ata i kan\u00eb b\u00ebr\u00eb apel ambasadorit Luigi Soreca, p\u00ebr t\u00eb nd\u00ebrhyr\u00eb n\u00eb zgjidhjen e k\u00ebsaj problematike, duke i\u2019u p\u00ebrgjigjur edhe Edi Ram\u00ebs. Ata kan\u00eb th\u00ebn\u00eb se [&hellip;]<\/p>\n","protected":false},"author":2020,"featured_media":234552,"comment_status":"closed","ping_status":"closed","sticky":false,"template":"","format":"standard","meta":{"footnotes":""},"categories":[241,5380,231],"tags":[],"class_list":{"0":"post-234548","1":"post","2":"type-post","3":"status-publish","4":"format-standard","5":"has-post-thumbnail","7":"category-aktualitet","8":"category-kryesore","9":"category-lajme"},"_links":{"self":[{"href":"https:\/\/zjarr.tv\/sq\/wp-json\/wp\/v2\/posts\/234548","targetHints":{"allow":["GET"]}}],"collection":[{"href":"https:\/\/zjarr.tv\/sq\/wp-json\/wp\/v2\/posts"}],"about":[{"href":"https:\/\/zjarr.tv\/sq\/wp-json\/wp\/v2\/types\/post"}],"author":[{"embeddable":true,"href":"https:\/\/zjarr.tv\/sq\/wp-json\/wp\/v2\/users\/2020"}],"replies":[{"embeddable":true,"href":"https:\/\/zjarr.tv\/sq\/wp-json\/wp\/v2\/comments?post=234548"}],"version-history":[{"count":0,"href":"https:\/\/zjarr.tv\/sq\/wp-json\/wp\/v2\/posts\/234548\/revisions"}],"wp:featuredmedia":[{"embeddable":true,"href":"https:\/\/zjarr.tv\/sq\/wp-json\/wp\/v2\/media\/234552"}],"wp:attachment":[{"href":"https:\/\/zjarr.tv\/sq\/wp-json\/wp\/v2\/media?parent=234548"}],"wp:term":[{"taxonomy":"category","embeddable":true,"href":"https:\/\/zjarr.tv\/sq\/wp-json\/wp\/v2\/categories?post=234548"},{"taxonomy":"post_tag","embeddable":true,"href":"https:\/\/zjarr.tv\/sq\/wp-json\/wp\/v2\/tags?post=234548"}],"curies":[{"name":"wp","href":"https:\/\/api.w.org\/{rel}","templated":true}]}}