{"id":234564,"date":"2022-02-03T15:49:32","date_gmt":"2022-02-03T14:49:32","guid":{"rendered":"https:\/\/zjarr.tv\/?p=234564"},"modified":"2022-02-03T15:49:32","modified_gmt":"2022-02-03T14:49:32","slug":"e-moshuara-vdiq-nga-i-ftohti-ne-mungese-te-energjise-elektrike-balluku-djemte-e-saj-ta-kene-ne-ndergjegjie-sic-kam-une-prinderit-e-mi","status":"publish","type":"post","link":"https:\/\/zjarr.tv\/sq\/e-moshuara-vdiq-nga-i-ftohti-ne-mungese-te-energjise-elektrike-balluku-djemte-e-saj-ta-kene-ne-ndergjegjie-sic-kam-une-prinderit-e-mi\/","title":{"rendered":"E moshuara vdiq nga i ftohti n\u00eb munges\u00eb t\u00eb energjis\u00eb elektrike, Balluku: Djemt\u00eb e saj ta ken\u00eb n\u00eb nd\u00ebrgjegjie, si\u00e7 kam un\u00eb prind\u00ebrit e mi"},"content":{"rendered":"<p>Ministrja e Energjis\u00eb dhe Infrastruktur\u00ebs, Belinda Balluku: Po p\u00ebrs\u00ebris edhe nj\u00ebher\u00eb q\u00eb ju t\u00eb hiqni v\u00ebmendjen nga bravat dhe foltoret etj i keni b\u00ebr\u00eb njer\u00ebzit cop\u00eb p\u00ebr t\u2019u mbuluar por nuk mbuloheni kollaj.<\/p>\n<p>Zonja ishte e fasilituar nga OSHE p\u00ebr nj\u00eb shume t\u00eb mbartur prej koh\u00ebsh prej 1200 lek\u00ebsh. Nuk p\u00ebrmenda djemt\u00eb e askujt sepse e din\u00eb vet\u00eb ata, do ta ken\u00eb n\u00eb nd\u00ebrgjegjien e tyre si\u00e7 kam un\u00eb prind\u00ebrit e mi.<\/p>\n<p>Nd\u00ebrkoh\u00eb, e dashur \u00ebsht\u00eb mir\u00eb t\u00eb kuptosh edhe procedurat e daljes s\u00eb nj\u00eb VKM-je. Nuk b\u00ebhet fjal\u00eb vet\u00ebm p\u00ebr OSHE-n\u00eb por p\u00ebr sh\u00ebrbime t\u00eb t\u00ebra.<\/p>\n","protected":false},"excerpt":{"rendered":"<p>Ministrja e Energjis\u00eb dhe Infrastruktur\u00ebs, Belinda Balluku: Po p\u00ebrs\u00ebris edhe nj\u00ebher\u00eb q\u00eb ju t\u00eb hiqni v\u00ebmendjen nga bravat dhe foltoret etj i keni b\u00ebr\u00eb njer\u00ebzit cop\u00eb p\u00ebr t\u2019u mbuluar por nuk mbuloheni kollaj. Zonja ishte e fasilituar nga OSHE p\u00ebr nj\u00eb shume t\u00eb mbartur prej koh\u00ebsh prej 1200 lek\u00ebsh. Nuk p\u00ebrmenda djemt\u00eb e askujt sepse [&hellip;]<\/p>\n","protected":false},"author":2020,"featured_media":234565,"comment_status":"closed","ping_status":"closed","sticky":false,"template":"","format":"standard","meta":{"footnotes":""},"categories":[241,5380,231],"tags":[],"class_list":{"0":"post-234564","1":"post","2":"type-post","3":"status-publish","4":"format-standard","5":"has-post-thumbnail","7":"category-aktualitet","8":"category-kryesore","9":"category-lajme"},"_links":{"self":[{"href":"https:\/\/zjarr.tv\/sq\/wp-json\/wp\/v2\/posts\/234564","targetHints":{"allow":["GET"]}}],"collection":[{"href":"https:\/\/zjarr.tv\/sq\/wp-json\/wp\/v2\/posts"}],"about":[{"href":"https:\/\/zjarr.tv\/sq\/wp-json\/wp\/v2\/types\/post"}],"author":[{"embeddable":true,"href":"https:\/\/zjarr.tv\/sq\/wp-json\/wp\/v2\/users\/2020"}],"replies":[{"embeddable":true,"href":"https:\/\/zjarr.tv\/sq\/wp-json\/wp\/v2\/comments?post=234564"}],"version-history":[{"count":0,"href":"https:\/\/zjarr.tv\/sq\/wp-json\/wp\/v2\/posts\/234564\/revisions"}],"wp:featuredmedia":[{"embeddable":true,"href":"https:\/\/zjarr.tv\/sq\/wp-json\/wp\/v2\/media\/234565"}],"wp:attachment":[{"href":"https:\/\/zjarr.tv\/sq\/wp-json\/wp\/v2\/media?parent=234564"}],"wp:term":[{"taxonomy":"category","embeddable":true,"href":"https:\/\/zjarr.tv\/sq\/wp-json\/wp\/v2\/categories?post=234564"},{"taxonomy":"post_tag","embeddable":true,"href":"https:\/\/zjarr.tv\/sq\/wp-json\/wp\/v2\/tags?post=234564"}],"curies":[{"name":"wp","href":"https:\/\/api.w.org\/{rel}","templated":true}]}}