{"id":234572,"date":"2022-02-03T16:22:00","date_gmt":"2022-02-03T15:22:00","guid":{"rendered":"https:\/\/zjarr.tv\/?p=234572"},"modified":"2022-02-03T16:22:00","modified_gmt":"2022-02-03T15:22:00","slug":"pas-drekes-me-duken-presidenti-i-uefa-s-ceferin-mberrin-ne-kryeministri-takohet-me-ramen","status":"publish","type":"post","link":"https:\/\/zjarr.tv\/sq\/pas-drekes-me-duken-presidenti-i-uefa-s-ceferin-mberrin-ne-kryeministri-takohet-me-ramen\/","title":{"rendered":"Pas drek\u00ebs me Duk\u00ebn, presidenti i UEFA-s, Ceferin mb\u00ebrrin n\u00eb kryeministri, takohet me Ram\u00ebn"},"content":{"rendered":"<p>Presidenti i UEFA-s, Aleksand\u00ebr Ceferin ka mb\u00ebrritur n\u00eb kryeministri ku do t\u00eb takohet me kryeministrin Edi Rama.<\/p>\n<p>Ky takim vjen menj\u00ebher\u00eb pas takimit q\u00eb Ceferin pati me presidentin e Federat\u00ebs Shqiptare t\u00eb Fubtollit n\u00eb kuad\u00ebr t\u00eb zhvillimeve t\u00eb fundit duke marr\u00eb n\u00eb shqyrtim p\u00ebrgjimet e kryebashkiakut t\u00eb Tiran\u00ebs, Erion Veliaj.<\/p>\n","protected":false},"excerpt":{"rendered":"<p>Presidenti i UEFA-s, Aleksand\u00ebr Ceferin ka mb\u00ebrritur n\u00eb kryeministri ku do t\u00eb takohet me kryeministrin Edi Rama. Ky takim vjen menj\u00ebher\u00eb pas takimit q\u00eb Ceferin pati me presidentin e Federat\u00ebs Shqiptare t\u00eb Fubtollit n\u00eb kuad\u00ebr t\u00eb zhvillimeve t\u00eb fundit duke marr\u00eb n\u00eb shqyrtim p\u00ebrgjimet e kryebashkiakut t\u00eb Tiran\u00ebs, Erion Veliaj.<\/p>\n","protected":false},"author":2030,"featured_media":234573,"comment_status":"closed","ping_status":"closed","sticky":false,"template":"","format":"standard","meta":{"footnotes":""},"categories":[241,231],"tags":[],"class_list":{"0":"post-234572","1":"post","2":"type-post","3":"status-publish","4":"format-standard","5":"has-post-thumbnail","7":"category-aktualitet","8":"category-lajme"},"_links":{"self":[{"href":"https:\/\/zjarr.tv\/sq\/wp-json\/wp\/v2\/posts\/234572","targetHints":{"allow":["GET"]}}],"collection":[{"href":"https:\/\/zjarr.tv\/sq\/wp-json\/wp\/v2\/posts"}],"about":[{"href":"https:\/\/zjarr.tv\/sq\/wp-json\/wp\/v2\/types\/post"}],"author":[{"embeddable":true,"href":"https:\/\/zjarr.tv\/sq\/wp-json\/wp\/v2\/users\/2030"}],"replies":[{"embeddable":true,"href":"https:\/\/zjarr.tv\/sq\/wp-json\/wp\/v2\/comments?post=234572"}],"version-history":[{"count":0,"href":"https:\/\/zjarr.tv\/sq\/wp-json\/wp\/v2\/posts\/234572\/revisions"}],"wp:featuredmedia":[{"embeddable":true,"href":"https:\/\/zjarr.tv\/sq\/wp-json\/wp\/v2\/media\/234573"}],"wp:attachment":[{"href":"https:\/\/zjarr.tv\/sq\/wp-json\/wp\/v2\/media?parent=234572"}],"wp:term":[{"taxonomy":"category","embeddable":true,"href":"https:\/\/zjarr.tv\/sq\/wp-json\/wp\/v2\/categories?post=234572"},{"taxonomy":"post_tag","embeddable":true,"href":"https:\/\/zjarr.tv\/sq\/wp-json\/wp\/v2\/tags?post=234572"}],"curies":[{"name":"wp","href":"https:\/\/api.w.org\/{rel}","templated":true}]}}