{"id":234575,"date":"2022-02-03T16:24:20","date_gmt":"2022-02-03T15:24:20","guid":{"rendered":"https:\/\/zjarr.tv\/?p=234575"},"modified":"2022-02-03T16:24:20","modified_gmt":"2022-02-03T15:24:20","slug":"humbi-jeten-femija-3-vjec-mbyllet-kopshti-flatrat-e-dijes-ne-fier","status":"publish","type":"post","link":"https:\/\/zjarr.tv\/sq\/humbi-jeten-femija-3-vjec-mbyllet-kopshti-flatrat-e-dijes-ne-fier\/","title":{"rendered":"Humbi jet\u00ebn f\u00ebmija 3-vje\u00e7, mbyllet kopshti \u2018Flatrat e Dijes\u2019 n\u00eb Fier"},"content":{"rendered":"<p>Ministria e Arsimit ka vendosur t\u2019i heq\u00eb licens\u00ebn kop\u00ebshtit \u201cFlatrat e Dijes\u201d n\u00eb qytetin e Fierit ku disa jav\u00eb m\u00eb par\u00eb humbi jet\u00ebn nj\u00eb 3-vje\u00e7are n\u00eb rrethana ende t\u00eb panjohura plot\u00ebsisht.<\/p>\n<p>Dyshimet jan\u00eb t\u00eb forta q\u00eb ai \u00ebsht\u00eb mbytur n\u00eb nj\u00eb koh\u00eb kur edukatorja, Redina Binjaku nuk ishte e pranishme n\u00eb dhom\u00eb . Kjo e fundit \u00ebsht\u00eb arrestuar dhe \u00ebsht\u00eb l\u00ebn\u00eb n\u00eb burg p\u00ebr 30 dit\u00eb.<\/p>\n<p>Dit\u00ebn kur duhej t\u00eb dilte para gjykat\u00ebs, rreth 3 jav\u00eb m\u00eb par\u00eb, Binjaku vendosi t\u00eb shkruaj\u00eb nj\u00eb let\u00ebr p\u00ebr ngjarjen e r\u00ebnd\u00eb. N\u00eb letr\u00ebn q\u00eb 27 vje\u00e7arja ka shkruar thot\u00eb se p\u00ebr shkak t\u00eb gjendjes s\u00eb saj t\u00eb r\u00ebnduar psikologjike nuk mund t\u00eb paraqitet n\u00eb gjykat\u00eb, ndaj u p\u00ebrfaq\u00ebsua nga avokati i saj.<\/p>\n<p>\u201cUn\u00eb shtetasja Redina Binjaku mora njoftim p\u00ebr seanc\u00ebn gjyq\u00ebsore t\u00eb dat\u00ebs 11.01.22 ora 10:00. N\u00eb radh\u00eb t\u00eb par\u00eb dua t\u00eb shpreh ngush\u00ebllimet e mia m\u00eb t\u00eb sinqerta familjes s\u00eb t\u00eb miturit Noah Kodheli. Jam shum\u00eb e ngarkuar psikoligjikisht prej situat\u00ebs n\u00eb t\u00eb cil\u00ebn ndodhem. P\u00ebr k\u00ebt\u00eb shkak nuk mund t\u00eb marr pjes\u00eb n\u00eb seanc\u00ebn p\u00ebr vleft\u00ebsimin e arrestit dhe caktimin e mas\u00ebs s\u00eb sigurimit personal. K\u00ebrkoj t\u00eb p\u00ebrfaq\u00ebsohem nga avokati im personal Ylli Asimetaj, an\u00ebtar I dhom\u00ebs s\u00eb avokatis\u00eb Fier\u201d, shkruan ajo n\u00eb letr\u00ebn bashk\u00eb me firm\u00ebn n\u00eb fund.<\/p>\n<p>Familja e 3-vje\u00e7arit q\u00eb humbi jet\u00ebn n\u00eb nj\u00eb kopsht privat n\u00eb Fier, u mblodh\u00ebn pas ngjarjes s\u00eb r\u00ebnd\u00eb p\u00ebrpara Prokuroris\u00eb duke k\u00ebrkuar drejt\u00ebsi. Ata thon\u00eb se \u00ebsht\u00eb e papranueshme, q\u00eb ende pa u zbardhur ngjarja kopshti Flatrat e Dijes t\u00eb q\u00ebndroj\u00eb i hapur p\u00ebr f\u00ebmij\u00ebt e tjer\u00eb.<\/p>\n<p>Rikujtojm\u00eb se 3-vje\u00e7ari Noah u d\u00ebrgua me t\u00eb nxira n\u00eb qaf\u00eb drejt spitalit t\u00eb Fierit, sipas mjek\u00ebve i pajet\u00eb.<\/p>\n<p>\u201cM\u00eb kan\u00eb marr\u00eb mua t\u00eb par\u00ebn n\u00eb telefon dhe m\u00eb kan\u00eb th\u00ebn\u00eb \u00ebsht\u00eb mbytur me litar t\u00eb bluz\u00ebs dhe m\u00eb kan\u00eb th\u00ebn\u00eb \u00ebsht\u00eb n\u00eb gjendje t\u00eb mir\u00eb dhe \u00ebsht\u00eb p\u00ebrmendur dhe kur un\u00eb kam vajtur n\u00eb spital m\u00eb kan\u00eb th\u00ebn\u00eb \u00ebsht\u00eb n\u00eb sall\u00eb t\u00eb operimit.<\/p>\n<p>N\u00eb momentin q\u00eb un\u00eb u kam th\u00ebn\u00eb pse \u00ebsht\u00eb futur n\u00eb sall\u00ebn e operimit, doktori ka ardhur dhe m\u00eb ka th\u00ebn\u00eb se f\u00ebmija ka ardhur pa jet\u00eb\u201d, tha n\u00ebna Donalda Kodheli pas ngjarjes s\u00eb r\u00ebnd\u00eb.<\/p>\n<p>\u201cAi vend ku ata thon\u00eb q\u00eb \u00ebsht\u00eb mbytur, \u00ebsht\u00eb 60 metra i lart\u00eb, nd\u00ebrkoh\u00eb q\u00eb f\u00ebmija \u00ebsht\u00eb 80-90 centimetra. Ne shkuam dhe pam\u00eb vendin ku ndodhi ngjarja. Ne jemi shokuar t\u00eb gjith\u00eb\u201d, u shpreh daja i viktim\u00ebs Durim Kaja ne at\u00eb koh\u00eb para Prokuroris\u00eb.<\/p>\n","protected":false},"excerpt":{"rendered":"<p>Ministria e Arsimit ka vendosur t\u2019i heq\u00eb licens\u00ebn kop\u00ebshtit \u201cFlatrat e Dijes\u201d n\u00eb qytetin e Fierit ku disa jav\u00eb m\u00eb par\u00eb humbi jet\u00ebn nj\u00eb 3-vje\u00e7are n\u00eb rrethana ende t\u00eb panjohura plot\u00ebsisht. Dyshimet jan\u00eb t\u00eb forta q\u00eb ai \u00ebsht\u00eb mbytur n\u00eb nj\u00eb koh\u00eb kur edukatorja, Redina Binjaku nuk ishte e pranishme n\u00eb dhom\u00eb . Kjo e [&hellip;]<\/p>\n","protected":false},"author":2030,"featured_media":234577,"comment_status":"closed","ping_status":"closed","sticky":false,"template":"","format":"standard","meta":{"footnotes":""},"categories":[241,231],"tags":[],"class_list":{"0":"post-234575","1":"post","2":"type-post","3":"status-publish","4":"format-standard","5":"has-post-thumbnail","7":"category-aktualitet","8":"category-lajme"},"_links":{"self":[{"href":"https:\/\/zjarr.tv\/sq\/wp-json\/wp\/v2\/posts\/234575","targetHints":{"allow":["GET"]}}],"collection":[{"href":"https:\/\/zjarr.tv\/sq\/wp-json\/wp\/v2\/posts"}],"about":[{"href":"https:\/\/zjarr.tv\/sq\/wp-json\/wp\/v2\/types\/post"}],"author":[{"embeddable":true,"href":"https:\/\/zjarr.tv\/sq\/wp-json\/wp\/v2\/users\/2030"}],"replies":[{"embeddable":true,"href":"https:\/\/zjarr.tv\/sq\/wp-json\/wp\/v2\/comments?post=234575"}],"version-history":[{"count":0,"href":"https:\/\/zjarr.tv\/sq\/wp-json\/wp\/v2\/posts\/234575\/revisions"}],"wp:featuredmedia":[{"embeddable":true,"href":"https:\/\/zjarr.tv\/sq\/wp-json\/wp\/v2\/media\/234577"}],"wp:attachment":[{"href":"https:\/\/zjarr.tv\/sq\/wp-json\/wp\/v2\/media?parent=234575"}],"wp:term":[{"taxonomy":"category","embeddable":true,"href":"https:\/\/zjarr.tv\/sq\/wp-json\/wp\/v2\/categories?post=234575"},{"taxonomy":"post_tag","embeddable":true,"href":"https:\/\/zjarr.tv\/sq\/wp-json\/wp\/v2\/tags?post=234575"}],"curies":[{"name":"wp","href":"https:\/\/api.w.org\/{rel}","templated":true}]}}