{"id":234584,"date":"2022-02-03T16:58:32","date_gmt":"2022-02-03T15:58:32","guid":{"rendered":"https:\/\/zjarr.tv\/?p=234584"},"modified":"2022-02-03T16:58:32","modified_gmt":"2022-02-03T15:58:32","slug":"pd-drejt-zyrtarizimit-te-kandidatit-per-bashkine-e-dibres-kush-eshte-emri-i-propozuar-per-zgjedhjet-e-6-marsit","status":"publish","type":"post","link":"https:\/\/zjarr.tv\/sq\/pd-drejt-zyrtarizimit-te-kandidatit-per-bashkine-e-dibres-kush-eshte-emri-i-propozuar-per-zgjedhjet-e-6-marsit\/","title":{"rendered":"PD drejt zyrtarizimit t\u00eb kandidatit p\u00ebr bashkin\u00eb e Dibr\u00ebs, kush \u00ebsht\u00eb emri i propozuar p\u00ebr zgjedhjet e 6 marsit"},"content":{"rendered":"<p>Pak or\u00eb p\u00ebrpara se t\u00eb mbahet mbledhja e kryesis\u00eb s\u00eb PD ku pritet t\u00eb miratohen t\u00eb gjith\u00eb kandidat\u00ebt e propozuar nga deg\u00ebt e 6 bashkive ku do mbahen zgjedhjet e pjesshme lokale t\u00eb 6 marsit, \u00ebsht\u00eb zbardhur edhe propozimi p\u00ebr bashkin\u00eb e Dibr\u00ebs.<\/p>\n<p>Strukturat drejtuese t\u00eb PD n\u00eb k\u00ebt\u00eb qark kan\u00eb propozuar Luan Hak\u00ebn si kandidat p\u00ebr kreun e bashkis\u00eb s\u00eb Dibr\u00ebs.<\/p>\n<p>Haka nuk \u00ebsht\u00eb nj\u00eb em\u00ebr i panjohur, kujtojm\u00eb k\u00ebtu edhe zgjedhjet e 25 Prillit ku n\u00eb qarkun e Dibr\u00ebs kandidonte n\u00eb list\u00ebn e PD si deputet.<\/p>\n","protected":false},"excerpt":{"rendered":"<p>Pak or\u00eb p\u00ebrpara se t\u00eb mbahet mbledhja e kryesis\u00eb s\u00eb PD ku pritet t\u00eb miratohen t\u00eb gjith\u00eb kandidat\u00ebt e propozuar nga deg\u00ebt e 6 bashkive ku do mbahen zgjedhjet e pjesshme lokale t\u00eb 6 marsit, \u00ebsht\u00eb zbardhur edhe propozimi p\u00ebr bashkin\u00eb e Dibr\u00ebs. Strukturat drejtuese t\u00eb PD n\u00eb k\u00ebt\u00eb qark kan\u00eb propozuar Luan Hak\u00ebn si [&hellip;]<\/p>\n","protected":false},"author":2030,"featured_media":234585,"comment_status":"closed","ping_status":"closed","sticky":false,"template":"","format":"standard","meta":{"footnotes":""},"categories":[241,231,1454],"tags":[],"class_list":{"0":"post-234584","1":"post","2":"type-post","3":"status-publish","4":"format-standard","5":"has-post-thumbnail","7":"category-aktualitet","8":"category-lajme","9":"category-politike"},"_links":{"self":[{"href":"https:\/\/zjarr.tv\/sq\/wp-json\/wp\/v2\/posts\/234584","targetHints":{"allow":["GET"]}}],"collection":[{"href":"https:\/\/zjarr.tv\/sq\/wp-json\/wp\/v2\/posts"}],"about":[{"href":"https:\/\/zjarr.tv\/sq\/wp-json\/wp\/v2\/types\/post"}],"author":[{"embeddable":true,"href":"https:\/\/zjarr.tv\/sq\/wp-json\/wp\/v2\/users\/2030"}],"replies":[{"embeddable":true,"href":"https:\/\/zjarr.tv\/sq\/wp-json\/wp\/v2\/comments?post=234584"}],"version-history":[{"count":0,"href":"https:\/\/zjarr.tv\/sq\/wp-json\/wp\/v2\/posts\/234584\/revisions"}],"wp:featuredmedia":[{"embeddable":true,"href":"https:\/\/zjarr.tv\/sq\/wp-json\/wp\/v2\/media\/234585"}],"wp:attachment":[{"href":"https:\/\/zjarr.tv\/sq\/wp-json\/wp\/v2\/media?parent=234584"}],"wp:term":[{"taxonomy":"category","embeddable":true,"href":"https:\/\/zjarr.tv\/sq\/wp-json\/wp\/v2\/categories?post=234584"},{"taxonomy":"post_tag","embeddable":true,"href":"https:\/\/zjarr.tv\/sq\/wp-json\/wp\/v2\/tags?post=234584"}],"curies":[{"name":"wp","href":"https:\/\/api.w.org\/{rel}","templated":true}]}}