{"id":234604,"date":"2022-02-03T18:10:31","date_gmt":"2022-02-03T17:10:31","guid":{"rendered":"https:\/\/zjarr.tv\/?p=234604"},"modified":"2022-02-03T18:28:50","modified_gmt":"2022-02-03T17:28:50","slug":"gent-sejko-emerohet-ne-nje-tjeter-post-te-rendesishem-ne-banken-e-shqiperise","status":"publish","type":"post","link":"https:\/\/zjarr.tv\/sq\/gent-sejko-emerohet-ne-nje-tjeter-post-te-rendesishem-ne-banken-e-shqiperise\/","title":{"rendered":"Gent Sejko em\u00ebrohet n\u00eb nj\u00eb tjet\u00ebr post t\u00eb r\u00ebnd\u00ebsish\u00ebm n\u00eb Bank\u00ebn e Shqip\u00ebris\u00eb"},"content":{"rendered":"<p>Guvernatori i Bank\u00ebs Shqiptare, Gent Sejko ka marr\u00eb nj\u00eb tjet\u00ebr post t\u00eb r\u00ebnd\u00ebsish\u00ebm. S\u00eb fundmi Sejko \u00ebsht\u00eb em\u00ebruar an\u00ebtar i K\u00ebshillit Mbik\u00ebqyr\u00ebs t\u00eb Bank\u00ebs s\u00eb Shqip\u00ebris\u00eb.<\/p>\n<p>T\u00eb nj\u00ebjtin post Sejko e ka mbajtur edhe gjat\u00eb vitit 2021 por n\u00eb fillim t\u00eb k\u00ebtij viti ka skaduar mandati i tij. Kjo ka b\u00ebr\u00eb q\u00eb t\u00eb votohet s\u00ebrish n\u00eb Kuvend gjat\u00eb dit\u00eb s\u00eb sotme p\u00ebr ta konfirmuar n\u00eb t\u00eb nj\u00ebjtin post.<\/p>\n<p>T\u00eb gjith\u00eb an\u00ebtar\u00ebt e K\u00ebshillit Mbik\u00ebqyr\u00ebs zgjidhen dhe em\u00ebrohen nga Kuvendi i Republik\u00ebs s\u00eb Shqip\u00ebris\u00eb me nj\u00eb mandat 7-vje\u00e7ar dhe me t\u00eb drejt\u00eb rizgjedhjeje. Pes\u00eb an\u00ebtar\u00eb propozohen nga vet\u00eb Kuvendi, tre an\u00ebtar\u00eb propozohen nga K\u00ebshilli i Ministrave dhe nj\u00eb an\u00ebtar propozohet nga K\u00ebshilli Mbik\u00ebqyr\u00ebs. Guvernatori zgjidhet nga Kuvendi, me propozimin e Presidentit t\u00eb Republik\u00ebs. K\u00ebshilli Mbik\u00ebqyr\u00ebs i Bank\u00ebs s\u00eb Shqip\u00ebris\u00eb zgjedh dhe em\u00ebron z\u00ebvend\u00ebsguvernator\u00ebt, mb\u00ebshtetur n\u00eb propozimin e b\u00ebr\u00eb nga guvernatori.<\/p>\n","protected":false},"excerpt":{"rendered":"<p>Guvernatori i Bank\u00ebs Shqiptare, Gent Sejko ka marr\u00eb nj\u00eb tjet\u00ebr post t\u00eb r\u00ebnd\u00ebsish\u00ebm. S\u00eb fundmi Sejko \u00ebsht\u00eb em\u00ebruar an\u00ebtar i K\u00ebshillit Mbik\u00ebqyr\u00ebs t\u00eb Bank\u00ebs s\u00eb Shqip\u00ebris\u00eb. T\u00eb nj\u00ebjtin post Sejko e ka mbajtur edhe gjat\u00eb vitit 2021 por n\u00eb fillim t\u00eb k\u00ebtij viti ka skaduar mandati i tij. Kjo ka b\u00ebr\u00eb q\u00eb t\u00eb votohet s\u00ebrish [&hellip;]<\/p>\n","protected":false},"author":2030,"featured_media":234605,"comment_status":"closed","ping_status":"closed","sticky":false,"template":"","format":"standard","meta":{"footnotes":""},"categories":[241,231],"tags":[],"class_list":{"0":"post-234604","1":"post","2":"type-post","3":"status-publish","4":"format-standard","5":"has-post-thumbnail","7":"category-aktualitet","8":"category-lajme"},"_links":{"self":[{"href":"https:\/\/zjarr.tv\/sq\/wp-json\/wp\/v2\/posts\/234604","targetHints":{"allow":["GET"]}}],"collection":[{"href":"https:\/\/zjarr.tv\/sq\/wp-json\/wp\/v2\/posts"}],"about":[{"href":"https:\/\/zjarr.tv\/sq\/wp-json\/wp\/v2\/types\/post"}],"author":[{"embeddable":true,"href":"https:\/\/zjarr.tv\/sq\/wp-json\/wp\/v2\/users\/2030"}],"replies":[{"embeddable":true,"href":"https:\/\/zjarr.tv\/sq\/wp-json\/wp\/v2\/comments?post=234604"}],"version-history":[{"count":0,"href":"https:\/\/zjarr.tv\/sq\/wp-json\/wp\/v2\/posts\/234604\/revisions"}],"wp:featuredmedia":[{"embeddable":true,"href":"https:\/\/zjarr.tv\/sq\/wp-json\/wp\/v2\/media\/234605"}],"wp:attachment":[{"href":"https:\/\/zjarr.tv\/sq\/wp-json\/wp\/v2\/media?parent=234604"}],"wp:term":[{"taxonomy":"category","embeddable":true,"href":"https:\/\/zjarr.tv\/sq\/wp-json\/wp\/v2\/categories?post=234604"},{"taxonomy":"post_tag","embeddable":true,"href":"https:\/\/zjarr.tv\/sq\/wp-json\/wp\/v2\/tags?post=234604"}],"curies":[{"name":"wp","href":"https:\/\/api.w.org\/{rel}","templated":true}]}}