{"id":234608,"date":"2022-02-03T18:16:13","date_gmt":"2022-02-03T17:16:13","guid":{"rendered":"https:\/\/zjarr.tv\/?p=234608"},"modified":"2022-02-03T19:21:06","modified_gmt":"2022-02-03T18:21:06","slug":"njihuni-me-shqiptarin-shpetoi-nga-flaket","status":"publish","type":"post","link":"https:\/\/zjarr.tv\/sq\/njihuni-me-shqiptarin-shpetoi-nga-flaket\/","title":{"rendered":"Njihuni me shqiptarin, shp\u00ebtoi nga flak\u00ebt&#8230;"},"content":{"rendered":"<p>Nj\u00eb i ri shqiptar \u00ebsht\u00eb shnd\u00ebrruar n\u00eb heroin e dit\u00ebs n\u00eb Franc\u00eb teksa ka shp\u00ebtuar nga flak\u00ebt nj\u00eb 8 vje\u00e7ar.<\/p>\n<p>Roland Aliu kreu nj\u00eb akti guximi teksa shp\u00ebtoi nga flak\u00ebt q\u00eb po p\u00ebrpinin gjith\u00e7ka n\u00eb nj\u00eb banes\u00eb q\u00eb sh\u00ebrbente si pavijon , shkruajn\u00eb mediat franceze.<\/p>\n<p>Banor\u00ebt e rrethit t\u00eb Trois Cit\u00e9s de Poitiers kan\u00eb fal\u00ebnderuar dhe p\u00ebrsh\u00ebndetur aktin e guximsh\u00ebm t\u00eb shqiptarit Aliu t\u00eb cilit i \u00ebsht\u00eb refuzuar vazhdimisht leja e q\u00ebndrimit nga shteti francez.<\/p>\n","protected":false},"excerpt":{"rendered":"<p>Nj\u00eb i ri shqiptar \u00ebsht\u00eb shnd\u00ebrruar n\u00eb heroin e dit\u00ebs n\u00eb Franc\u00eb teksa ka shp\u00ebtuar nga flak\u00ebt nj\u00eb 8 vje\u00e7ar. Roland Aliu kreu nj\u00eb akti guximi teksa shp\u00ebtoi nga flak\u00ebt q\u00eb po p\u00ebrpinin gjith\u00e7ka n\u00eb nj\u00eb banes\u00eb q\u00eb sh\u00ebrbente si pavijon , shkruajn\u00eb mediat franceze. Banor\u00ebt e rrethit t\u00eb Trois Cit\u00e9s de Poitiers kan\u00eb fal\u00ebnderuar [&hellip;]<\/p>\n","protected":false},"author":2030,"featured_media":234609,"comment_status":"closed","ping_status":"closed","sticky":false,"template":"","format":"standard","meta":{"footnotes":""},"categories":[241,5380,231],"tags":[],"class_list":{"0":"post-234608","1":"post","2":"type-post","3":"status-publish","4":"format-standard","5":"has-post-thumbnail","7":"category-aktualitet","8":"category-kryesore","9":"category-lajme"},"_links":{"self":[{"href":"https:\/\/zjarr.tv\/sq\/wp-json\/wp\/v2\/posts\/234608","targetHints":{"allow":["GET"]}}],"collection":[{"href":"https:\/\/zjarr.tv\/sq\/wp-json\/wp\/v2\/posts"}],"about":[{"href":"https:\/\/zjarr.tv\/sq\/wp-json\/wp\/v2\/types\/post"}],"author":[{"embeddable":true,"href":"https:\/\/zjarr.tv\/sq\/wp-json\/wp\/v2\/users\/2030"}],"replies":[{"embeddable":true,"href":"https:\/\/zjarr.tv\/sq\/wp-json\/wp\/v2\/comments?post=234608"}],"version-history":[{"count":0,"href":"https:\/\/zjarr.tv\/sq\/wp-json\/wp\/v2\/posts\/234608\/revisions"}],"wp:featuredmedia":[{"embeddable":true,"href":"https:\/\/zjarr.tv\/sq\/wp-json\/wp\/v2\/media\/234609"}],"wp:attachment":[{"href":"https:\/\/zjarr.tv\/sq\/wp-json\/wp\/v2\/media?parent=234608"}],"wp:term":[{"taxonomy":"category","embeddable":true,"href":"https:\/\/zjarr.tv\/sq\/wp-json\/wp\/v2\/categories?post=234608"},{"taxonomy":"post_tag","embeddable":true,"href":"https:\/\/zjarr.tv\/sq\/wp-json\/wp\/v2\/tags?post=234608"}],"curies":[{"name":"wp","href":"https:\/\/api.w.org\/{rel}","templated":true}]}}