{"id":234884,"date":"2022-02-05T12:43:08","date_gmt":"2022-02-05T11:43:08","guid":{"rendered":"https:\/\/zjarr.tv\/?p=234884"},"modified":"2022-02-05T12:43:08","modified_gmt":"2022-02-05T11:43:08","slug":"eshte-urgjente-majlinda-bregu-ben-thirrjen-e-forte","status":"publish","type":"post","link":"https:\/\/zjarr.tv\/sq\/eshte-urgjente-majlinda-bregu-ben-thirrjen-e-forte\/","title":{"rendered":"\u201cEsht\u00eb urgjente\u201d\/ Majlinda Bregu b\u00ebn thirrjen e forte"},"content":{"rendered":"<p>Sekretarja e P\u00ebrgjithshme e K\u00ebshillit t\u00eb Bashk\u00ebpunimit Rajonal, Majlinda Bregu n\u00eb nj\u00eb postim n\u00eb rrjetet sociale ka b\u00ebr\u00eb thirrje p\u00ebr ritkhimin e v\u00ebmendjes tek t\u00eb rinjt\u00eb e rajonit.<\/p>\n<p>Ajo thekson se \u00ebsht\u00eb urgjente q\u00eb ne t\u00eb rimendojm\u00eb, rinovojm\u00eb, rikrijojm\u00eb realitetin ton\u00eb, duke menduar se nj\u00eb sht\u00ebpi e braktisur nga f\u00ebmij\u00ebt \u00ebsht\u00eb nj\u00eb sht\u00ebpi e mjer\u00eb.<\/p>\n<p>\u201cSikur i riu t\u00eb dinte, sikur i mo\u00e7mi t\u00eb mundte\u201d-thot\u00eb Frojdi.<\/p>\n<p>Edhe ne, as t\u00eb rinj e as t\u00eb mo\u00e7\u00ebm ende q\u00eb punojm\u00eb me t\u00eb rinjt\u00eb, mundohemi t\u00eb ndryshojm\u00eb realitetet tona, duke i besuar energjis\u00eb, risive e freskis\u00eb s\u00eb ideve t\u00eb m\u00eb t\u00eb rinjve. Rajoni \u00a0\u00ebsht\u00eb plot me vajza e djem t\u00eb rinj me ide, t\u00eb zgjuar, t\u00eb talentuar, q\u00eb flasin disa gjuh\u00eb, q\u00eb kan\u00eb guxim dhe vet\u00ebbesim, t\u00eb pakonkuruesh\u00ebm n\u00eb sport apo art e q\u00eb s\u2019meritojn\u00eb t\u00eb trajtohen si \u201ckush\u00ebrinjt\u00eb\u201d e varf\u00ebr t\u00eb t\u00eb europian\u00ebve.<\/p>\n<p>Esht\u00eb tashm\u00eb urgjente, q\u00eb ne t\u00eb rimendojm\u00eb, rinovojm\u00eb, rikrijojm\u00eb realitetin ton\u00eb, duke menduar se nj\u00eb sht\u00ebpi e braktisur nga f\u00ebmij\u00ebt \u00ebsht\u00eb nj\u00eb sht\u00ebpi e mjer\u00eb\u201d, shkruan Bregu.<\/p>\n<p><img loading=\"lazy\" decoding=\"async\" class=\"alignnone size-medium wp-image-234886\" src=\"https:\/\/zjarr.tv\/wp-content\/uploads\/2022\/02\/Untitled-design-11-300x251.jpg\" alt=\"\" width=\"300\" height=\"251\" srcset=\"https:\/\/zjarr.tv\/wp-content\/uploads\/2022\/02\/Untitled-design-11-300x251.jpg 300w, https:\/\/zjarr.tv\/wp-content\/uploads\/2022\/02\/Untitled-design-11-768x644.jpg 768w, https:\/\/zjarr.tv\/wp-content\/uploads\/2022\/02\/Untitled-design-11-696x583.jpg 696w, https:\/\/zjarr.tv\/wp-content\/uploads\/2022\/02\/Untitled-design-11-501x420.jpg 501w, https:\/\/zjarr.tv\/wp-content\/uploads\/2022\/02\/Untitled-design-11.jpg 940w\" sizes=\"auto, (max-width: 300px) 100vw, 300px\" \/><\/p>\n","protected":false},"excerpt":{"rendered":"<p>Sekretarja e P\u00ebrgjithshme e K\u00ebshillit t\u00eb Bashk\u00ebpunimit Rajonal, Majlinda Bregu n\u00eb nj\u00eb postim n\u00eb rrjetet sociale ka b\u00ebr\u00eb thirrje p\u00ebr ritkhimin e v\u00ebmendjes tek t\u00eb rinjt\u00eb e rajonit. Ajo thekson se \u00ebsht\u00eb urgjente q\u00eb ne t\u00eb rimendojm\u00eb, rinovojm\u00eb, rikrijojm\u00eb realitetin ton\u00eb, duke menduar se nj\u00eb sht\u00ebpi e braktisur nga f\u00ebmij\u00ebt \u00ebsht\u00eb nj\u00eb sht\u00ebpi e mjer\u00eb. [&hellip;]<\/p>\n","protected":false},"author":2030,"featured_media":234885,"comment_status":"closed","ping_status":"closed","sticky":false,"template":"","format":"standard","meta":{"footnotes":""},"categories":[241,3366,231],"tags":[],"class_list":{"0":"post-234884","1":"post","2":"type-post","3":"status-publish","4":"format-standard","5":"has-post-thumbnail","7":"category-aktualitet","8":"category-koment","9":"category-lajme"},"_links":{"self":[{"href":"https:\/\/zjarr.tv\/sq\/wp-json\/wp\/v2\/posts\/234884","targetHints":{"allow":["GET"]}}],"collection":[{"href":"https:\/\/zjarr.tv\/sq\/wp-json\/wp\/v2\/posts"}],"about":[{"href":"https:\/\/zjarr.tv\/sq\/wp-json\/wp\/v2\/types\/post"}],"author":[{"embeddable":true,"href":"https:\/\/zjarr.tv\/sq\/wp-json\/wp\/v2\/users\/2030"}],"replies":[{"embeddable":true,"href":"https:\/\/zjarr.tv\/sq\/wp-json\/wp\/v2\/comments?post=234884"}],"version-history":[{"count":0,"href":"https:\/\/zjarr.tv\/sq\/wp-json\/wp\/v2\/posts\/234884\/revisions"}],"wp:featuredmedia":[{"embeddable":true,"href":"https:\/\/zjarr.tv\/sq\/wp-json\/wp\/v2\/media\/234885"}],"wp:attachment":[{"href":"https:\/\/zjarr.tv\/sq\/wp-json\/wp\/v2\/media?parent=234884"}],"wp:term":[{"taxonomy":"category","embeddable":true,"href":"https:\/\/zjarr.tv\/sq\/wp-json\/wp\/v2\/categories?post=234884"},{"taxonomy":"post_tag","embeddable":true,"href":"https:\/\/zjarr.tv\/sq\/wp-json\/wp\/v2\/tags?post=234884"}],"curies":[{"name":"wp","href":"https:\/\/api.w.org\/{rel}","templated":true}]}}