{"id":235037,"date":"2022-02-05T18:52:53","date_gmt":"2022-02-05T17:52:53","guid":{"rendered":"https:\/\/zjarr.tv\/?p=235037"},"modified":"2022-02-05T18:52:53","modified_gmt":"2022-02-05T17:52:53","slug":"amerikanet-detyroje-gjykaten-te-fuse-ne-qeli-saimir-tahirin-biseda-bombe-qe-spartak-ngjela-ka-zbardhur-me-ramen-me-tha-qe-spak-u-i-kap-4-ministra","status":"publish","type":"post","link":"https:\/\/zjarr.tv\/sq\/amerikanet-detyroje-gjykaten-te-fuse-ne-qeli-saimir-tahirin-biseda-bombe-qe-spartak-ngjela-ka-zbardhur-me-ramen-me-tha-qe-spak-u-i-kap-4-ministra\/","title":{"rendered":"Amerikan\u00ebt detyroj\u00eb gjykat\u00ebn t\u00eb fus\u00eb n\u00eb qeli Saimir Tahirin! Biseda &#8220;bomb\u00eb&#8221; q\u00eb Spartak Ngjela ka zbardhur me Ram\u00ebn: M\u00eb tha q\u00eb SPAK-u i kap 4 ministra"},"content":{"rendered":"<p>Ish-ministri i Brendsh\u00ebm Saimir Tahiri ka p\u00ebrfunduar n\u00eb qeli. Pas nj\u00eb beteje m\u00eb shum\u00eb se 4 vje\u00e7are, dje Gjykata e Posa\u00e7me e Apelit ka d\u00ebnuar me burg Tahirin.<\/p>\n<p>Ajo q\u00eb duhet theksuar \u00ebsht\u00eb se dhe ky d\u00ebnim i Tahirit erdhi fal\u00eb presionit amerikan. Ambasada e SHBA gjat\u00eb 4 viteve ka ndjekur me shum\u00eb interes procesin hetimor e gjyq\u00ebsor ndaj tij, duke d\u00ebrguar n\u00eb sall\u00ebn e gjyqit p\u00ebrfaq\u00ebsuesit e saj.<\/p>\n<p>Por edhe pse kryeministri Rama nuk ka reaguar, sjellim n\u00eb v\u00ebmendje nj\u00eb deklarat\u00eb \u201cbomb\u00eb\u201d t\u00eb Ngjel\u00ebs 2 vite m\u00eb par\u00eb.<\/p>\n<p>Avokati i njohur Spartak Ngjela \u00ebsht\u00eb shprehur se SPAK-u do e shp\u00ebtoj\u00eb Shqip\u00ebrin\u00eb, duke arrestuar politikan\u00ebt e korruptuar dhe inkriminuar.<\/p>\n<p>Ai tha se b\u00ebhet fjal\u00eb p\u00ebr &#8220;koka&#8217; t\u00eb m\u00ebdha t\u00eb politik\u00ebs, q\u00eb shum\u00eb shpejt do i vij\u00eb koha. Sipas Ngjel\u00ebs, vet\u00eb kryeministri Rama i ka th\u00ebn\u00eb se SPAK-u i kap 4 ministra, por nuk b\u00ebri me dije emrat e tyre.<\/p>\n<p>&#8220;SPAK-u \u00ebsht\u00eb ai q\u00eb do e shp\u00ebtoj\u00eb Shqip\u00ebrin\u00eb&#8221;.<\/p>\n<p>Pyetje: Kush jan\u00eb peshqit e m\u00ebdhenj q\u00eb jan\u00eb kapur, se k\u00ebshtu u shpreh\u00ebt?<\/p>\n<p>Ngjela: Krer\u00ebt e 2-3 partive kryesore n\u00eb vend.<\/p>\n<p>Tufa: Po flisni p\u00ebr Ram\u00ebn dhe Bash\u00ebn?<\/p>\n<p>Ngjela: Shiko, nd\u00ebrkomb\u00ebtar\u00ebt jan\u00eb shum\u00eb t\u00eb rezervuar, nuk flasin se do arrestojn\u00eb kryeministrin e Shqip\u00ebris\u00eb, mos ja fusni kot. Kush pyet p\u00ebr kryetar\u00ebt e partive. Po flasim p\u00ebr ministra, ata kan\u00eb folur p\u00ebr ministra. Mua Rama m\u00eb tha vet\u00eb q\u00eb SPAK- u kap 4 ministra. S&#8217;ta kam th\u00ebn\u00eb, ja ta thash\u00eb tani. K\u00ebta jan\u00eb t\u00eb gjith\u00eb t\u00eb ikur, t\u00eb kapur, kan\u00eb vjedhur dhe kan\u00eb b\u00ebr\u00eb vila. I di gjith\u00eb populli e nuk e ditka SPAK-u apo BKH.<\/p>\n","protected":false},"excerpt":{"rendered":"<p>Ish-ministri i Brendsh\u00ebm Saimir Tahiri ka p\u00ebrfunduar n\u00eb qeli. Pas nj\u00eb beteje m\u00eb shum\u00eb se 4 vje\u00e7are, dje Gjykata e Posa\u00e7me e Apelit ka d\u00ebnuar me burg Tahirin. Ajo q\u00eb duhet theksuar \u00ebsht\u00eb se dhe ky d\u00ebnim i Tahirit erdhi fal\u00eb presionit amerikan. Ambasada e SHBA gjat\u00eb 4 viteve ka ndjekur me shum\u00eb interes procesin [&hellip;]<\/p>\n","protected":false},"author":2030,"featured_media":235038,"comment_status":"closed","ping_status":"closed","sticky":false,"template":"","format":"standard","meta":{"footnotes":""},"categories":[241,3366,231],"tags":[],"class_list":{"0":"post-235037","1":"post","2":"type-post","3":"status-publish","4":"format-standard","5":"has-post-thumbnail","7":"category-aktualitet","8":"category-koment","9":"category-lajme"},"_links":{"self":[{"href":"https:\/\/zjarr.tv\/sq\/wp-json\/wp\/v2\/posts\/235037","targetHints":{"allow":["GET"]}}],"collection":[{"href":"https:\/\/zjarr.tv\/sq\/wp-json\/wp\/v2\/posts"}],"about":[{"href":"https:\/\/zjarr.tv\/sq\/wp-json\/wp\/v2\/types\/post"}],"author":[{"embeddable":true,"href":"https:\/\/zjarr.tv\/sq\/wp-json\/wp\/v2\/users\/2030"}],"replies":[{"embeddable":true,"href":"https:\/\/zjarr.tv\/sq\/wp-json\/wp\/v2\/comments?post=235037"}],"version-history":[{"count":0,"href":"https:\/\/zjarr.tv\/sq\/wp-json\/wp\/v2\/posts\/235037\/revisions"}],"wp:featuredmedia":[{"embeddable":true,"href":"https:\/\/zjarr.tv\/sq\/wp-json\/wp\/v2\/media\/235038"}],"wp:attachment":[{"href":"https:\/\/zjarr.tv\/sq\/wp-json\/wp\/v2\/media?parent=235037"}],"wp:term":[{"taxonomy":"category","embeddable":true,"href":"https:\/\/zjarr.tv\/sq\/wp-json\/wp\/v2\/categories?post=235037"},{"taxonomy":"post_tag","embeddable":true,"href":"https:\/\/zjarr.tv\/sq\/wp-json\/wp\/v2\/tags?post=235037"}],"curies":[{"name":"wp","href":"https:\/\/api.w.org\/{rel}","templated":true}]}}