{"id":235043,"date":"2022-02-05T20:54:33","date_gmt":"2022-02-05T19:54:33","guid":{"rendered":"https:\/\/zjarr.tv\/?p=235043"},"modified":"2022-02-05T20:54:33","modified_gmt":"2022-02-05T19:54:33","slug":"monika-kryemadhi-ilir-meta-eshte-bio-mund-te-rrije-edhe-me-lope-ne-cepan-te-skraparit","status":"publish","type":"post","link":"https:\/\/zjarr.tv\/sq\/monika-kryemadhi-ilir-meta-eshte-bio-mund-te-rrije-edhe-me-lope-ne-cepan-te-skraparit\/","title":{"rendered":"Monika Kryemadhi: Ilir Meta \u00ebsht\u00eb bio, mund t\u00eb rrij\u00eb edhe me lop\u00eb n\u00eb \u00c7epan t\u00eb Skraparit"},"content":{"rendered":"<p>Monika Kryemadhi e ka cil\u00ebsuar bashk\u00ebshortin e saj Ilir Meta si nj\u00eb njeri shum\u00eb modest, i cili nuk e ka problem t\u00eb jetoj\u00eb me dhi dhe lop\u00eb n\u00eb \u00c7epan t\u00eb Skraparit.<\/p>\n<p>Ajo tha se Presidenti \u00ebsht\u00eb bio, ndaj nuk ka nevoj\u00eb t\u00eb jetoj\u00eb n\u00eb Holand\u00eb apo New York.<\/p>\n<p>\u201cIlir \u00ebsht\u00eb modest, Iliri \u00ebsht\u00eb shqiptar. Ai s\u2019ka nevoj\u00eb t\u00eb jetoj\u00eb as n\u00eb Holland\u00eb, as n\u00eb New York e as n\u00eb ekspozita. Iliri jeton me dhi e me lop\u00eb n\u00eb \u00c7epan, n\u00eb Skraparin e vet dhe \u00ebsht\u00eb njeriu m\u00eb i lumtur, i p\u00eblqen natyra. \u00cbsht\u00eb njeri bio Iliri. Nuk ka hall Iliri as t\u00eb stimuloj\u00eb veten e tij p\u00ebr t\u00eb qen\u00eb gangster, dhe as p\u00ebr ta \u201cmejkapuar\u201d veten p\u00ebr t\u2019u dukur bukur\u201d, u shpreh Kryemadhi.<\/p>\n","protected":false},"excerpt":{"rendered":"<p>Monika Kryemadhi e ka cil\u00ebsuar bashk\u00ebshortin e saj Ilir Meta si nj\u00eb njeri shum\u00eb modest, i cili nuk e ka problem t\u00eb jetoj\u00eb me dhi dhe lop\u00eb n\u00eb \u00c7epan t\u00eb Skraparit. Ajo tha se Presidenti \u00ebsht\u00eb bio, ndaj nuk ka nevoj\u00eb t\u00eb jetoj\u00eb n\u00eb Holand\u00eb apo New York. \u201cIlir \u00ebsht\u00eb modest, Iliri \u00ebsht\u00eb shqiptar. Ai [&hellip;]<\/p>\n","protected":false},"author":2031,"featured_media":235044,"comment_status":"closed","ping_status":"closed","sticky":false,"template":"","format":"standard","meta":{"footnotes":""},"categories":[241,231,235],"tags":[],"class_list":{"0":"post-235043","1":"post","2":"type-post","3":"status-publish","4":"format-standard","5":"has-post-thumbnail","7":"category-aktualitet","8":"category-lajme","9":"category-vendi"},"_links":{"self":[{"href":"https:\/\/zjarr.tv\/sq\/wp-json\/wp\/v2\/posts\/235043","targetHints":{"allow":["GET"]}}],"collection":[{"href":"https:\/\/zjarr.tv\/sq\/wp-json\/wp\/v2\/posts"}],"about":[{"href":"https:\/\/zjarr.tv\/sq\/wp-json\/wp\/v2\/types\/post"}],"author":[{"embeddable":true,"href":"https:\/\/zjarr.tv\/sq\/wp-json\/wp\/v2\/users\/2031"}],"replies":[{"embeddable":true,"href":"https:\/\/zjarr.tv\/sq\/wp-json\/wp\/v2\/comments?post=235043"}],"version-history":[{"count":0,"href":"https:\/\/zjarr.tv\/sq\/wp-json\/wp\/v2\/posts\/235043\/revisions"}],"wp:featuredmedia":[{"embeddable":true,"href":"https:\/\/zjarr.tv\/sq\/wp-json\/wp\/v2\/media\/235044"}],"wp:attachment":[{"href":"https:\/\/zjarr.tv\/sq\/wp-json\/wp\/v2\/media?parent=235043"}],"wp:term":[{"taxonomy":"category","embeddable":true,"href":"https:\/\/zjarr.tv\/sq\/wp-json\/wp\/v2\/categories?post=235043"},{"taxonomy":"post_tag","embeddable":true,"href":"https:\/\/zjarr.tv\/sq\/wp-json\/wp\/v2\/tags?post=235043"}],"curies":[{"name":"wp","href":"https:\/\/api.w.org\/{rel}","templated":true}]}}