{"id":235075,"date":"2022-02-06T08:03:02","date_gmt":"2022-02-06T07:03:02","guid":{"rendered":"https:\/\/zjarr.tv\/?p=235075"},"modified":"2022-02-06T08:03:02","modified_gmt":"2022-02-06T07:03:02","slug":"rama-u-ben-thirrje-qytetareve-denonconi-ne-komisariatin-dixhital-ata-qe-na-turperojne-si-shqiptare","status":"publish","type":"post","link":"https:\/\/zjarr.tv\/sq\/rama-u-ben-thirrje-qytetareve-denonconi-ne-komisariatin-dixhital-ata-qe-na-turperojne-si-shqiptare\/","title":{"rendered":"Rama u b\u00ebn thirrje qytetar\u00ebve: Denonconi n\u00eb Komisariatin Dixhital ata q\u00eb na turp\u00ebrojn\u00eb si shqiptar\u00eb"},"content":{"rendered":"<p>Kryeministri Edi Rama ka publikuar disa foto nga pastrimi i ambientit n\u00eb disa qytete t\u00eb Shqip\u00ebris\u00eb.<\/p>\n<p>Ai u ka b\u00ebr\u00eb thirrje qytetar\u00ebve q\u00eb t\u00eb denoncojn\u00eb n\u00eb Komisariatin Dixhital ata q\u00eb d\u00ebmtojn\u00eb natyr\u00ebn ton\u00eb e na turp\u00ebrojn\u00eb si shqiptar\u00eb duke hedhur plehra n\u00eb hap\u00ebsirat e p\u00ebrbashk\u00ebta publike.<\/p>\n<p>\u201cFaleminderit p\u00ebr angazhimin n\u00eb Planin Komb\u00ebtar t\u00eb Pastrimit<\/p>\n<p>N\u00ebp\u00ebrmjet aplikacionit Komisariati Dixhital ndihmoni duke identifikuar ata q\u00eb d\u00ebmtojn\u00eb natyr\u00ebn ton\u00eb e na turp\u00ebrojn\u00eb si shqiptar\u00eb duke hedhur plehra n\u00eb hap\u00ebsirat e p\u00ebrbashk\u00ebta publike, nj\u00eb thirrje p\u00ebr t\u00eb vepruar bashk\u00eb sa s\u2019\u00ebsht\u00eb von\u00eb kund\u00ebr ndotjes mjedisore.<\/p>\n<p>*momente nga pastrimi n\u00eb Durr\u00ebs, Kruj\u00eb, Libohov\u00eb, Memaliaj, Gramsh, P\u00ebrmet, Ura Vajgurore, Gjirokast\u00ebr, Ku\u00e7ov\u00eb, Roskovec dhe Mallakast\u00ebr\u201d, shkruan Rama.<\/p>\n","protected":false},"excerpt":{"rendered":"<p>Kryeministri Edi Rama ka publikuar disa foto nga pastrimi i ambientit n\u00eb disa qytete t\u00eb Shqip\u00ebris\u00eb. Ai u ka b\u00ebr\u00eb thirrje qytetar\u00ebve q\u00eb t\u00eb denoncojn\u00eb n\u00eb Komisariatin Dixhital ata q\u00eb d\u00ebmtojn\u00eb natyr\u00ebn ton\u00eb e na turp\u00ebrojn\u00eb si shqiptar\u00eb duke hedhur plehra n\u00eb hap\u00ebsirat e p\u00ebrbashk\u00ebta publike. \u201cFaleminderit p\u00ebr angazhimin n\u00eb Planin Komb\u00ebtar t\u00eb Pastrimit N\u00ebp\u00ebrmjet [&hellip;]<\/p>\n","protected":false},"author":2031,"featured_media":202357,"comment_status":"closed","ping_status":"closed","sticky":false,"template":"","format":"standard","meta":{"footnotes":""},"categories":[231],"tags":[],"class_list":{"0":"post-235075","1":"post","2":"type-post","3":"status-publish","4":"format-standard","5":"has-post-thumbnail","7":"category-lajme"},"_links":{"self":[{"href":"https:\/\/zjarr.tv\/sq\/wp-json\/wp\/v2\/posts\/235075","targetHints":{"allow":["GET"]}}],"collection":[{"href":"https:\/\/zjarr.tv\/sq\/wp-json\/wp\/v2\/posts"}],"about":[{"href":"https:\/\/zjarr.tv\/sq\/wp-json\/wp\/v2\/types\/post"}],"author":[{"embeddable":true,"href":"https:\/\/zjarr.tv\/sq\/wp-json\/wp\/v2\/users\/2031"}],"replies":[{"embeddable":true,"href":"https:\/\/zjarr.tv\/sq\/wp-json\/wp\/v2\/comments?post=235075"}],"version-history":[{"count":0,"href":"https:\/\/zjarr.tv\/sq\/wp-json\/wp\/v2\/posts\/235075\/revisions"}],"wp:featuredmedia":[{"embeddable":true,"href":"https:\/\/zjarr.tv\/sq\/wp-json\/wp\/v2\/media\/202357"}],"wp:attachment":[{"href":"https:\/\/zjarr.tv\/sq\/wp-json\/wp\/v2\/media?parent=235075"}],"wp:term":[{"taxonomy":"category","embeddable":true,"href":"https:\/\/zjarr.tv\/sq\/wp-json\/wp\/v2\/categories?post=235075"},{"taxonomy":"post_tag","embeddable":true,"href":"https:\/\/zjarr.tv\/sq\/wp-json\/wp\/v2\/tags?post=235075"}],"curies":[{"name":"wp","href":"https:\/\/api.w.org\/{rel}","templated":true}]}}