{"id":235079,"date":"2022-02-06T08:22:22","date_gmt":"2022-02-06T07:22:22","guid":{"rendered":"https:\/\/zjarr.tv\/?p=235079"},"modified":"2022-02-06T08:22:22","modified_gmt":"2022-02-06T07:22:22","slug":"alternime-kthjellimesh-dhe-vranesira-si-parashikohet-moti-per-kete-te-diel","status":"publish","type":"post","link":"https:\/\/zjarr.tv\/sq\/alternime-kthjellimesh-dhe-vranesira-si-parashikohet-moti-per-kete-te-diel\/","title":{"rendered":"Alternime kthjellimesh dhe vran\u00ebsira, si parashikohet moti p\u00ebr k\u00ebt\u00eb t\u00eb diel"},"content":{"rendered":"<p>Vendi yn\u00eb gjat\u00eb or\u00ebve t\u00eb para t\u00eb dit\u00ebs do t\u00eb jet\u00eb n\u00eb dominimin e kthjellimeve dhe kalimeve t\u00eb lehta t\u00eb vran\u00ebsirave, t\u00eb cilat m\u00eb t\u00eb dukshme do t\u00eb jen\u00eb n\u00eb zonat veriore.<\/p>\n<p>Nd\u00ebrsa or\u00ebt n\u00eb vijim shtojn\u00eb vran\u00ebsirat n\u00eb territor duke b\u00ebr\u00eb q\u00eb dhe zona e ul\u00ebt t\u00eb p\u00ebrfshihet nga vran\u00ebsirat e pakta, por vija bregdetare mbetet me kthjellime.<\/p>\n<p>Temperaturat e ajrit do t\u00eb vijojn\u00eb t\u00eb rriten n\u00eb m\u00ebngjes dhe n\u00eb mesdit\u00eb duke luhatur vlerat ditore nga -3\u00b0C deri n\u00eb 15\u00b0C. Era do t\u00eb fryj\u00eb e leht\u00eb dhe mesatare me shpejt\u00ebsi mbi 30 km\/h nga drejtimi Lindor duke krijuar n\u00eb brigjet detare dallg\u00ebzim t\u00eb ul\u00ebt.<\/p>\n","protected":false},"excerpt":{"rendered":"<p>Vendi yn\u00eb gjat\u00eb or\u00ebve t\u00eb para t\u00eb dit\u00ebs do t\u00eb jet\u00eb n\u00eb dominimin e kthjellimeve dhe kalimeve t\u00eb lehta t\u00eb vran\u00ebsirave, t\u00eb cilat m\u00eb t\u00eb dukshme do t\u00eb jen\u00eb n\u00eb zonat veriore. Nd\u00ebrsa or\u00ebt n\u00eb vijim shtojn\u00eb vran\u00ebsirat n\u00eb territor duke b\u00ebr\u00eb q\u00eb dhe zona e ul\u00ebt t\u00eb p\u00ebrfshihet nga vran\u00ebsirat e pakta, por vija [&hellip;]<\/p>\n","protected":false},"author":2031,"featured_media":235080,"comment_status":"closed","ping_status":"closed","sticky":false,"template":"","format":"standard","meta":{"footnotes":""},"categories":[231],"tags":[],"class_list":{"0":"post-235079","1":"post","2":"type-post","3":"status-publish","4":"format-standard","5":"has-post-thumbnail","7":"category-lajme"},"_links":{"self":[{"href":"https:\/\/zjarr.tv\/sq\/wp-json\/wp\/v2\/posts\/235079","targetHints":{"allow":["GET"]}}],"collection":[{"href":"https:\/\/zjarr.tv\/sq\/wp-json\/wp\/v2\/posts"}],"about":[{"href":"https:\/\/zjarr.tv\/sq\/wp-json\/wp\/v2\/types\/post"}],"author":[{"embeddable":true,"href":"https:\/\/zjarr.tv\/sq\/wp-json\/wp\/v2\/users\/2031"}],"replies":[{"embeddable":true,"href":"https:\/\/zjarr.tv\/sq\/wp-json\/wp\/v2\/comments?post=235079"}],"version-history":[{"count":0,"href":"https:\/\/zjarr.tv\/sq\/wp-json\/wp\/v2\/posts\/235079\/revisions"}],"wp:featuredmedia":[{"embeddable":true,"href":"https:\/\/zjarr.tv\/sq\/wp-json\/wp\/v2\/media\/235080"}],"wp:attachment":[{"href":"https:\/\/zjarr.tv\/sq\/wp-json\/wp\/v2\/media?parent=235079"}],"wp:term":[{"taxonomy":"category","embeddable":true,"href":"https:\/\/zjarr.tv\/sq\/wp-json\/wp\/v2\/categories?post=235079"},{"taxonomy":"post_tag","embeddable":true,"href":"https:\/\/zjarr.tv\/sq\/wp-json\/wp\/v2\/tags?post=235079"}],"curies":[{"name":"wp","href":"https:\/\/api.w.org\/{rel}","templated":true}]}}