{"id":235088,"date":"2022-02-06T11:12:08","date_gmt":"2022-02-06T10:12:08","guid":{"rendered":"https:\/\/zjarr.tv\/?p=235088"},"modified":"2022-02-06T11:12:08","modified_gmt":"2022-02-06T10:12:08","slug":"balla-ne-lushnje-nuk-kane-asnje-shans-kandidatet-e-saliut-ilirit-dhe-lulit-nuk-i-hyjne-ne-pune-njeriu","status":"publish","type":"post","link":"https:\/\/zjarr.tv\/sq\/balla-ne-lushnje-nuk-kane-asnje-shans-kandidatet-e-saliut-ilirit-dhe-lulit-nuk-i-hyjne-ne-pune-njeriu\/","title":{"rendered":"Balla n\u00eb Lushnj\u00eb: Nuk kan\u00eb asnj\u00eb shans\u2026 Kandidat\u00ebt e Saliut, Ilirit dhe Lulit nuk i hyjn\u00eb n\u00eb pun\u00eb njeriu"},"content":{"rendered":"<p>Drejtuesi Politik i Partis\u00eb Socialiste p\u00ebr Qarkun e Fierit Taulant Balla i shoq\u00ebruar nga deputeti, Erion Bra\u00e7e zhvilluan nj\u00eb takim me banor\u00ebt e Nj\u00ebsis\u00eb Administrative Allkaj, ku prezantuan kandidaten e Partis\u00eb Socialiste p\u00ebr kryeare t\u00eb Bashkis\u00eb s\u00eb Lushnjes n\u00eb zgjedhjet e pjesshme vendore t\u00eb 6 Marsit.<\/p>\n<p>N\u00eb fjal\u00ebn e tij, Balla tha se kandidat\u00ebt e Saliut, Ilirit dhe Lulit nuk i duhen Lushnjes. \u201cVijm\u00eb k\u00ebtu p\u00ebr t\u00eb k\u00ebrkuan nj\u00eb vot\u00ebbesim p\u00ebr nj\u00eb vajz\u00eb, p\u00ebr nj\u00eb grua, n\u00ebn\u00eb dhe nj\u00eb mot\u00ebr e cila \u00ebsht\u00eb shembulli konkret i atyre q\u00eb hyjn\u00eb n\u00eb Partin\u00eb Socialiste dhe brenda Partis\u00eb Socialiste b\u00ebjn\u00eb karrier\u00eb. Nga Kryeministri Edi Rama kam m\u00ebsuar q\u00eb Eriselda ka qen\u00eb nj\u00eb prej kandidateve tona p\u00ebr kryetare komune k\u00ebtu n\u00eb Allkaj. Mendoj q\u00eb Eriselda erdhi ne momentin e duhur p\u00ebr t\u00eb k\u00ebrkuar vot\u00ebbesimin.<\/p>\n<p>\u00cbsht\u00eb e kot\u00eb t\u00eb meremi me dy kandidat\u00ebt e opozit\u00ebs, pasi nuk i hyjn\u00eb n\u00eb pun\u00eb njeriu, sepse nuk kan\u00eb asnj\u00eb shans ti b\u00ebjn\u00eb pun\u00eb Lushnjes. Kush do i b\u00ebj\u00eb pun\u00eb Lushnjes Sali Berisha me Ilir Met\u00ebn? Saliu \u00ebsht\u00eb \u2018non grata\u2019 i Amerik\u00ebs dhe Lul Basha \u00ebsht\u00eb \u2018non grata\u2019 i Saliut, dhe \u00e7do pun\u00eb t\u00eb dy e kan\u00eb b\u00ebr\u00eb bashk\u00eb.<\/p>\n<p>Pas ndarjes s\u00eb Lulit nga Saliu u duk sikur gjith\u00eb t\u00eb zezat q\u00eb kan\u00eb b\u00ebr\u00eb bashk\u00eb Luli ja la Saliut. Ka ca t\u00eb zeza q\u00eb nuk harrohen Un\u00eb nuk mund t\u00eb harroj dot 21 Janarin, ku Luli ishte minist\u00ebr i Saliut. N\u00ebse urdh\u00ebrin e ka dh\u00ebn\u00eb v\u00ebrtet\u00eb Saliu, Luli le t\u00eb b\u00ebhet burr\u00eb dhe t\u00eb shkoj\u00eb n\u00eb SPAK dhe t\u00eb dhot\u00eb q\u00eb urddh\u00ebrin e dha Saliu\u201d, dekalroi Balla.<\/p>\n<p>N\u00eb p\u00ebrfundim t\u00eb fjal\u00ebs s\u00eb tij Balla tha se n\u00eb Lushnje ka shum\u00eb pun\u00eb p\u00ebr tu b\u00ebr\u00eb, sidomos n\u00eb sektorin e bujq\u00ebsis\u00eb. Ka vonesa t\u00eb patolerueshme q\u00eb lidhen me \u00e7mimet e plehrave kimike, imputeve buq\u00ebsore dhe cil\u00ebsin\u00eb e tyre. M\u00eb n\u00eb fund mendoj q\u00eb mjaftuan pak jav\u00eb q\u00eb Eriselda \u00ebht\u00eb n\u00eb krye t\u00eb bashkis\u00eb q\u00eb t\u00eb sh\u00ebrohen disa probleme q\u00eb duheshin kuruar me koh\u00eb n\u00eb bashki. Pas 102 vjet\u00ebsh nga Kongresi i Lushnjes kemi nj\u00eb vajz\u00eb n\u00eb gar\u00eb p\u00ebr kryetare bashkie n\u00eb Lushnje dhe q\u00eb \u00ebsht\u00eb nga Allkaj\u201d, theksoi Balla.<\/p>\n","protected":false},"excerpt":{"rendered":"<p>Drejtuesi Politik i Partis\u00eb Socialiste p\u00ebr Qarkun e Fierit Taulant Balla i shoq\u00ebruar nga deputeti, Erion Bra\u00e7e zhvilluan nj\u00eb takim me banor\u00ebt e Nj\u00ebsis\u00eb Administrative Allkaj, ku prezantuan kandidaten e Partis\u00eb Socialiste p\u00ebr kryeare t\u00eb Bashkis\u00eb s\u00eb Lushnjes n\u00eb zgjedhjet e pjesshme vendore t\u00eb 6 Marsit. N\u00eb fjal\u00ebn e tij, Balla tha se kandidat\u00ebt e [&hellip;]<\/p>\n","protected":false},"author":2020,"featured_media":177056,"comment_status":"closed","ping_status":"closed","sticky":false,"template":"","format":"standard","meta":{"footnotes":""},"categories":[241,5380],"tags":[],"class_list":{"0":"post-235088","1":"post","2":"type-post","3":"status-publish","4":"format-standard","5":"has-post-thumbnail","7":"category-aktualitet","8":"category-kryesore"},"_links":{"self":[{"href":"https:\/\/zjarr.tv\/sq\/wp-json\/wp\/v2\/posts\/235088","targetHints":{"allow":["GET"]}}],"collection":[{"href":"https:\/\/zjarr.tv\/sq\/wp-json\/wp\/v2\/posts"}],"about":[{"href":"https:\/\/zjarr.tv\/sq\/wp-json\/wp\/v2\/types\/post"}],"author":[{"embeddable":true,"href":"https:\/\/zjarr.tv\/sq\/wp-json\/wp\/v2\/users\/2020"}],"replies":[{"embeddable":true,"href":"https:\/\/zjarr.tv\/sq\/wp-json\/wp\/v2\/comments?post=235088"}],"version-history":[{"count":0,"href":"https:\/\/zjarr.tv\/sq\/wp-json\/wp\/v2\/posts\/235088\/revisions"}],"wp:featuredmedia":[{"embeddable":true,"href":"https:\/\/zjarr.tv\/sq\/wp-json\/wp\/v2\/media\/177056"}],"wp:attachment":[{"href":"https:\/\/zjarr.tv\/sq\/wp-json\/wp\/v2\/media?parent=235088"}],"wp:term":[{"taxonomy":"category","embeddable":true,"href":"https:\/\/zjarr.tv\/sq\/wp-json\/wp\/v2\/categories?post=235088"},{"taxonomy":"post_tag","embeddable":true,"href":"https:\/\/zjarr.tv\/sq\/wp-json\/wp\/v2\/tags?post=235088"}],"curies":[{"name":"wp","href":"https:\/\/api.w.org\/{rel}","templated":true}]}}