{"id":235091,"date":"2022-02-06T11:26:37","date_gmt":"2022-02-06T10:26:37","guid":{"rendered":"https:\/\/zjarr.tv\/?p=235091"},"modified":"2022-02-06T11:38:25","modified_gmt":"2022-02-06T10:38:25","slug":"zbythja-e-veliajt-nga-fshf-manjani-harroi-kqet-dhe-po-ha-mune","status":"publish","type":"post","link":"https:\/\/zjarr.tv\/sq\/zbythja-e-veliajt-nga-fshf-manjani-harroi-kqet-dhe-po-ha-mune\/","title":{"rendered":"Zbythja e Veliajt nga FSHF, Manjani: Harroi k*qet dhe po ha (m)un\u00eb"},"content":{"rendered":"<p>Nga Ylli Manjani<\/p>\n<p>\u201cShum\u00eb vet\u00eb m\u00eb pyesin \u2013 \u201cPse ti?\u201d.<\/p>\n<p>Pse kush?<\/p>\n<p>A mund t\u00eb p\u00ebrballet me k\u00ebta nj\u00eb prind q\u00eb ia heqin f\u00ebmij\u00ebn nga grupi? Po nj\u00eb trajneri q\u00eb i heqin li\u00e7enc\u00ebn? Po nj\u00eb ekipi, se e kan\u00eb provuar edhe ekipet dhe i kan\u00eb zbritur dy kategori m\u00eb posht\u00eb? Pra, duhet ta b\u00ebj\u00eb dikush q\u00eb nuk ka asgj\u00eb p\u00ebr t\u00eb humbur.<\/p>\n<p>Un\u00eb \u00e7far\u00eb kam p\u00ebr t\u00eb humbur?<\/p>\n<p>Un\u00eb nuk luaj futboll, djali im nuk e ka mbushur mosh\u00ebn t\u00eb luaj\u00eb, ekipi q\u00eb p\u00ebrfaq\u00ebsoj \u00ebsht\u00eb m\u00eb i miri sot n\u00eb kampionat. Un\u00eb nuk po kandidoj vet\u00eb, as po ju them k\u00eb t\u00eb votojm\u00eb, thjesht po ju k\u00ebrkoj \u2018fair play\u2019\u201d- thot\u00eb Erion Veliaj.<\/p>\n<p>*****<\/p>\n<p>Shiheni se si iu shkrin\u00eb koqet e hekurit dhe tani b\u00ebn konen\u2026 Por shihni sa her\u00eb e p\u00ebrdor p\u00ebremrin vetor \u201cun\u00eb\u201d. Un\u00eb jam.. Un\u00eb s\u2019jam\u2026. Un\u00eb luaj\u2026. Un\u00eb s\u2019luaj\u2026 Un\u00eb p\u00ebrfaq\u00ebsoj\u2026 Un\u00eb jam pronar\u2026. Un\u00eb kam ekip\u2026. Un\u00eb jam m\u00eb i miri\u2026 Un\u00eb\u2026 Un\u00eb\u2026. Un\u00eb\u2026<\/p>\n<p>Harroi koqet dhe po ha (m)un\u00eb.<\/p>\n<p>Qesharak dhe i neveritsh\u00ebm!<\/p>\n","protected":false},"excerpt":{"rendered":"<p>Nga Ylli Manjani \u201cShum\u00eb vet\u00eb m\u00eb pyesin \u2013 \u201cPse ti?\u201d. Pse kush? A mund t\u00eb p\u00ebrballet me k\u00ebta nj\u00eb prind q\u00eb ia heqin f\u00ebmij\u00ebn nga grupi? Po nj\u00eb trajneri q\u00eb i heqin li\u00e7enc\u00ebn? Po nj\u00eb ekipi, se e kan\u00eb provuar edhe ekipet dhe i kan\u00eb zbritur dy kategori m\u00eb posht\u00eb? Pra, duhet ta b\u00ebj\u00eb dikush [&hellip;]<\/p>\n","protected":false},"author":2020,"featured_media":235101,"comment_status":"closed","ping_status":"closed","sticky":false,"template":"","format":"standard","meta":{"footnotes":""},"categories":[241,5380],"tags":[],"class_list":{"0":"post-235091","1":"post","2":"type-post","3":"status-publish","4":"format-standard","5":"has-post-thumbnail","7":"category-aktualitet","8":"category-kryesore"},"_links":{"self":[{"href":"https:\/\/zjarr.tv\/sq\/wp-json\/wp\/v2\/posts\/235091","targetHints":{"allow":["GET"]}}],"collection":[{"href":"https:\/\/zjarr.tv\/sq\/wp-json\/wp\/v2\/posts"}],"about":[{"href":"https:\/\/zjarr.tv\/sq\/wp-json\/wp\/v2\/types\/post"}],"author":[{"embeddable":true,"href":"https:\/\/zjarr.tv\/sq\/wp-json\/wp\/v2\/users\/2020"}],"replies":[{"embeddable":true,"href":"https:\/\/zjarr.tv\/sq\/wp-json\/wp\/v2\/comments?post=235091"}],"version-history":[{"count":0,"href":"https:\/\/zjarr.tv\/sq\/wp-json\/wp\/v2\/posts\/235091\/revisions"}],"wp:featuredmedia":[{"embeddable":true,"href":"https:\/\/zjarr.tv\/sq\/wp-json\/wp\/v2\/media\/235101"}],"wp:attachment":[{"href":"https:\/\/zjarr.tv\/sq\/wp-json\/wp\/v2\/media?parent=235091"}],"wp:term":[{"taxonomy":"category","embeddable":true,"href":"https:\/\/zjarr.tv\/sq\/wp-json\/wp\/v2\/categories?post=235091"},{"taxonomy":"post_tag","embeddable":true,"href":"https:\/\/zjarr.tv\/sq\/wp-json\/wp\/v2\/tags?post=235091"}],"curies":[{"name":"wp","href":"https:\/\/api.w.org\/{rel}","templated":true}]}}