{"id":235434,"date":"2022-02-07T18:18:33","date_gmt":"2022-02-07T17:18:33","guid":{"rendered":"https:\/\/zjarr.tv\/?p=235434"},"modified":"2022-02-07T18:18:33","modified_gmt":"2022-02-07T17:18:33","slug":"shperthen-edmond-panariti-nje-turp-dhe-skandal-hetim-i-menjehershem-i-ketij-manipulimi-te-zbuluar-nga-keshilltari-ligjor-i-ilir-metes","status":"publish","type":"post","link":"https:\/\/zjarr.tv\/sq\/shperthen-edmond-panariti-nje-turp-dhe-skandal-hetim-i-menjehershem-i-ketij-manipulimi-te-zbuluar-nga-keshilltari-ligjor-i-ilir-metes\/","title":{"rendered":"Shp\u00ebrthen Edmond Panariti: Nj\u00eb turp dhe skandal! Hetim i menj\u00ebhersh\u00ebm i k\u00ebtij manipulimi t\u00eb zbuluar nga k\u00ebshilltari ligjor i Ilir Met\u00ebs"},"content":{"rendered":"<p>N\u00eb nj\u00eb dalje \u201clive\u201d, n\u00eb rrjetet sociale t\u00eb presidentit Ilir Meta, ka folur k\u00ebshilltari i p\u00ebr \u00c7\u00ebshtjet Ligjore Bledar Dervishaj i cili ka denoncuar manipulimin dhe falsifikimin e provave nga Kuvendi.<\/p>\n<p>Dervishaj doli n\u00eb nj\u00eb deklarat\u00eb urgjente p\u00ebr mediat, p\u00ebr t\u00eb zbardhur at\u00eb \u00e7far\u00eb kishte ndodhur n\u00eb seanc\u00ebn n\u00eb Gjykat\u00ebn Kushtetuese, lidhur me provat e reja q\u00eb Kuvendi ka depozituar p\u00ebr t\u00eb rr\u00ebzuar pretendimet e Presidenc\u00ebs. Edmond Panariti e quan t\u00eb gjith\u00eb k\u00ebt\u00eb zbulim nj\u00eb skandal q\u00eb duhet menj\u00ebher\u00eb t\u00eb hetohet.<\/p>\n<p>POSTIMI I PANARITIT:<\/p>\n<p>\u201cE r\u00ebnd\u00eb, e pafal\u00ebshme, nd\u00ebrhyrja dhe manipulimi i provave n\u00ebp\u00ebrmjet falsifikimit t\u00eb dokumentave nga Kuvendi, drejtuar Gjykat\u00ebs Kushtetuese n\u00eb ngarkim t\u00eb Presidentit t\u00eb Republik\u00ebs. Nj\u00eb turp dhe skandal!<\/p>\n<p>Hetim i menj\u00ebhersh\u00ebm i k\u00ebtij manipulimi t\u00eb zbuluar dhe denoncuar nga k\u00ebshilltari ligjor i Presidentit! Menj\u00ebher\u00eb, pa vones\u00eb! Kjo \u00ebsht\u00eb, \u201cvula\u201d e d\u00ebshtimit t\u00eb k\u00ebtij procesi fars\u00eb, q\u00eb nisi dhe bitisi, si i till\u00eb.\u201d, ka shkruar Panariti.<\/p>\n","protected":false},"excerpt":{"rendered":"<p>N\u00eb nj\u00eb dalje \u201clive\u201d, n\u00eb rrjetet sociale t\u00eb presidentit Ilir Meta, ka folur k\u00ebshilltari i p\u00ebr \u00c7\u00ebshtjet Ligjore Bledar Dervishaj i cili ka denoncuar manipulimin dhe falsifikimin e provave nga Kuvendi. Dervishaj doli n\u00eb nj\u00eb deklarat\u00eb urgjente p\u00ebr mediat, p\u00ebr t\u00eb zbardhur at\u00eb \u00e7far\u00eb kishte ndodhur n\u00eb seanc\u00ebn n\u00eb Gjykat\u00ebn Kushtetuese, lidhur me provat e [&hellip;]<\/p>\n","protected":false},"author":2030,"featured_media":235435,"comment_status":"closed","ping_status":"closed","sticky":false,"template":"","format":"standard","meta":{"footnotes":""},"categories":[241,3366,231,1454],"tags":[],"class_list":{"0":"post-235434","1":"post","2":"type-post","3":"status-publish","4":"format-standard","5":"has-post-thumbnail","7":"category-aktualitet","8":"category-koment","9":"category-lajme","10":"category-politike"},"_links":{"self":[{"href":"https:\/\/zjarr.tv\/sq\/wp-json\/wp\/v2\/posts\/235434","targetHints":{"allow":["GET"]}}],"collection":[{"href":"https:\/\/zjarr.tv\/sq\/wp-json\/wp\/v2\/posts"}],"about":[{"href":"https:\/\/zjarr.tv\/sq\/wp-json\/wp\/v2\/types\/post"}],"author":[{"embeddable":true,"href":"https:\/\/zjarr.tv\/sq\/wp-json\/wp\/v2\/users\/2030"}],"replies":[{"embeddable":true,"href":"https:\/\/zjarr.tv\/sq\/wp-json\/wp\/v2\/comments?post=235434"}],"version-history":[{"count":0,"href":"https:\/\/zjarr.tv\/sq\/wp-json\/wp\/v2\/posts\/235434\/revisions"}],"wp:featuredmedia":[{"embeddable":true,"href":"https:\/\/zjarr.tv\/sq\/wp-json\/wp\/v2\/media\/235435"}],"wp:attachment":[{"href":"https:\/\/zjarr.tv\/sq\/wp-json\/wp\/v2\/media?parent=235434"}],"wp:term":[{"taxonomy":"category","embeddable":true,"href":"https:\/\/zjarr.tv\/sq\/wp-json\/wp\/v2\/categories?post=235434"},{"taxonomy":"post_tag","embeddable":true,"href":"https:\/\/zjarr.tv\/sq\/wp-json\/wp\/v2\/tags?post=235434"}],"curies":[{"name":"wp","href":"https:\/\/api.w.org\/{rel}","templated":true}]}}