{"id":235438,"date":"2022-02-07T18:26:41","date_gmt":"2022-02-07T17:26:41","guid":{"rendered":"https:\/\/zjarr.tv\/?p=235438"},"modified":"2022-02-07T18:26:41","modified_gmt":"2022-02-07T17:26:41","slug":"presidenca-publikon-dokumentet-kuvendi-falsifikoi-daten-e-urdhrit-per-thirrjen-e-seances","status":"publish","type":"post","link":"https:\/\/zjarr.tv\/sq\/presidenca-publikon-dokumentet-kuvendi-falsifikoi-daten-e-urdhrit-per-thirrjen-e-seances\/","title":{"rendered":"Presidenca publikon dokumentet: Kuvendi falsifikoi dat\u00ebn e urdhrit p\u00ebr thirrjen e seanc\u00ebs"},"content":{"rendered":"<p>Presidenca e akuzon Kuvendin p\u00ebr shkelje t\u00eb r\u00ebnda t\u00eb Kushtetut\u00ebs, t\u00eb ligjit dhe rregullores s\u00eb Kuvendit, si dhe p\u00ebr falsifikim dokumentesh n\u00eb procesin e nisur p\u00ebr shkarkimin e presidentit Meta.<\/p>\n<p>P\u00ebrfaq\u00ebsuesi ligjor, Bledar Dervishaj, n\u00eb nj\u00eb konferenc\u00eb p\u00ebr mediat nga Presidenca pas seanc\u00ebs s\u00eb sotme n\u00eb Kushtetuese tha se Kuvendi manipuloi provat shtes\u00eb q\u00eb i paraqiti n\u00eb gjykat\u00eb pa ja k\u00ebrkuar njeri.<\/p>\n<p>Dervishaj: Ve\u00e7 shkeljeve t\u00eb r\u00ebnda t\u00eb Kushtetut\u00ebs dhe ligjit dhe t\u00eb rregullores s\u00eb Kuvendit dhe t\u00eb gjith\u00eb parimeve kushtetuese t\u00eb kryera nga Kuvendi n\u00eb procesin hetimor t\u00eb iniciuar naj kreut t\u00eb Shtetit nj\u00eb prej shkeljeve ishte dhe fakti q\u00eb n\u00eb dat\u00ebn 7 maj 2021 kur u zhvillua seanca plenare p\u00ebr miratimin e ngritjes s\u00eb komisionit hetimor dhe miratimin e raportit t\u00eb Komisionit t\u00eb Ligjeve Kuvendi ve\u00e7 t\u00eb tjerave kishte konsumuar dhe tre shkeljeve. Shkelja e par\u00eb kishte t\u00eb b\u00ebnte me p\u00ebrcaktimin e rendit t\u00eb dit\u00ebs dhe b\u00ebrjen publik t\u00eb tij m\u00eb von\u00eb se dy dit\u00eb p\u00ebrpara, k\u00ebrkes\u00eb e rregullores s\u00eb kuvendit. Rendi i dit\u00ebs ishte caktuar nga ish-kryetari i Kuvendit n\u00eb dat\u00ebn 6 maj 2021 p\u00ebr n\u00eb dat\u00ebn 7 maj 2021. Kuvendi po thirrej p\u00ebr nj\u00eb afat m\u00eb pak se 24 or\u00eb. Shkelja e dyt\u00eb ishte se n\u00eb rendin e dit\u00ebs nuk kishte dy \u00e7\u00ebshtje por kishte nj\u00eb, nd\u00ebrkoh\u00eb q\u00eb seanca plenare t\u00eb nes\u00ebrmen p\u00ebrpos shkeljes s\u00eb par\u00eb mori dy vendime, duhet t\u00eb kishte dy \u00e7\u00ebshtje n\u00eb rend t\u00eb dit\u00ebs dhe jo nj\u00eb. Shkelja e tret\u00eb ka t\u00eb b\u00ebj\u00eb me faktin se referuar rregullores s\u00eb kuvendit nuk kishte k\u00ebrkes\u00eb dhe as vendim nga Kuvendi q\u00eb t\u00eb vendoste shtesa n\u00eb rendin e dit\u00ebs.<\/p>\n<p>Dervishaj tha se m\u00eb 6 maj 2021 u firmos urdhri p\u00ebr thirrjen e seanc\u00ebs plenare p\u00ebr t\u00eb miratuar ngritjen e Komisionit Hetimor. Q\u00eb t\u00eb thirrej n\u00eb k\u00ebt\u00eb dat\u00eb duhet q\u00eb raporti p\u00ebr k\u00ebt\u00eb vendim t\u00eb ishte miratuar 48 or\u00eb m\u00eb par\u00eb, pra n\u00eb dat\u00ebn 5 maj.<\/p>\n<p>Sipas tij mbledhja e Komisionit t\u00eb Ligjeve \u00ebsht\u00eb b\u00ebr\u00eb m\u00eb 6 maj 2021, nd\u00ebrkoh\u00eb q\u00eb n\u00eb dokumentin e dor\u00ebzuar t\u00eb premten e kaluar \u00ebsht\u00eb b\u00ebr\u00eb nj\u00eb falsifikim dhe thuhet se urdhri p\u00ebr miratimin e raportit t\u00eb k\u00ebtij komisioni \u00ebsht\u00eb b\u00ebr\u00eb m\u00eb dat\u00eb 5 maj 2021.<\/p>\n<p>Dervishaj: Kur Presidenca b\u00ebri parashtrimet me 3 shkurt 2022, Kuvendi e ndjeu veten t\u00eb dob\u00ebt dhe menjeh\u00ebr\u00eb aktivizohet me 4 shkurt 2022 dhe depoziton n\u00eb Kushtetuese prov\u00eb shtes\u00eb. Provat shtes\u00eb Kuvendi ia depozitoi Gjykat\u00ebs pa ja k\u00ebrkuar njeri. Ky \u00ebsht\u00eb veprimi m\u00eb i r\u00ebnd\u00eb i Kuvendit q\u00eb i gjetur disa her\u00eb n\u00eb paligjshm\u00ebri n\u00eb at\u00eb proces shkarkimi t\u00eb nisur p\u00ebr Kreun e Shtetit tenton deri aty sa t\u00eb manipuloj\u00eb dhe nj\u00eb prov\u00eb q\u00eb nuk ja k\u00ebrkon njeri, e b\u00ebr\u00eb publike prej tij 8 muaj m\u00eb par\u00eb. Institucionalisht jemi shum\u00eb t\u00eb tronditur.<\/p>\n<p>Teksa publikoi dokumentet q\u00eb sipas tij v\u00ebrtetojn\u00eb k\u00ebt\u00eb falsifikim ai tha se n\u00eb urdhrin q\u00eb Kuvendi e dor\u00ebzoi n\u00eb dat\u00ebn 4 shkurt 2022 jan\u00eb b\u00ebr\u00eb disa ndryshime n\u00eb thelb.<\/p>\n<p>Dervishaj: T\u00eb gjitha k\u00ebto veprime t\u00eb Kuvendit nuk ka sesi q\u00eb kemi t\u00eb b\u00ebjm\u00eb me nj\u00eb manipulim prove. Kuvendi k\u00ebrkonte t\u00eb justifikonte n\u00eb Kushtetuese se Presidenti gaboi me pretendimet se ishin n\u00eb shkelje t\u00eb afateve p\u00ebr ngritjen e Komisionit Hetimor dhe p\u00ebr miratimin e raportit t\u00eb Komisionit t\u00eb Ligjeve. P\u00ebrfaq\u00ebsuesi i presidentit Ilir Meta, Bledi Dervishaj deklaroi se presidenti do ti drejtohet prokuroris\u00eb pasi Kuvendi depozitoi prova shkresore t\u00eb manipuluara vet\u00ebm q\u00eb t\u00eb rr\u00ebzoheshin pretendimet e kreut t\u00eb shtetit.<\/p>\n<p>Dervishaj: Pse ndryshimi i dat\u00ebs 6 dhe 5? Mos ishte l\u00ebvizje e Kuvendit p\u00ebr t\u00eb rr\u00ebzuar pretendimet e Presidentit.<\/p>\n","protected":false},"excerpt":{"rendered":"<p>Presidenca e akuzon Kuvendin p\u00ebr shkelje t\u00eb r\u00ebnda t\u00eb Kushtetut\u00ebs, t\u00eb ligjit dhe rregullores s\u00eb Kuvendit, si dhe p\u00ebr falsifikim dokumentesh n\u00eb procesin e nisur p\u00ebr shkarkimin e presidentit Meta. P\u00ebrfaq\u00ebsuesi ligjor, Bledar Dervishaj, n\u00eb nj\u00eb konferenc\u00eb p\u00ebr mediat nga Presidenca pas seanc\u00ebs s\u00eb sotme n\u00eb Kushtetuese tha se Kuvendi manipuloi provat shtes\u00eb q\u00eb i [&hellip;]<\/p>\n","protected":false},"author":2030,"featured_media":235439,"comment_status":"closed","ping_status":"closed","sticky":false,"template":"","format":"standard","meta":{"footnotes":""},"categories":[241,3366,5380,231],"tags":[],"class_list":{"0":"post-235438","1":"post","2":"type-post","3":"status-publish","4":"format-standard","5":"has-post-thumbnail","7":"category-aktualitet","8":"category-koment","9":"category-kryesore","10":"category-lajme"},"_links":{"self":[{"href":"https:\/\/zjarr.tv\/sq\/wp-json\/wp\/v2\/posts\/235438","targetHints":{"allow":["GET"]}}],"collection":[{"href":"https:\/\/zjarr.tv\/sq\/wp-json\/wp\/v2\/posts"}],"about":[{"href":"https:\/\/zjarr.tv\/sq\/wp-json\/wp\/v2\/types\/post"}],"author":[{"embeddable":true,"href":"https:\/\/zjarr.tv\/sq\/wp-json\/wp\/v2\/users\/2030"}],"replies":[{"embeddable":true,"href":"https:\/\/zjarr.tv\/sq\/wp-json\/wp\/v2\/comments?post=235438"}],"version-history":[{"count":0,"href":"https:\/\/zjarr.tv\/sq\/wp-json\/wp\/v2\/posts\/235438\/revisions"}],"wp:featuredmedia":[{"embeddable":true,"href":"https:\/\/zjarr.tv\/sq\/wp-json\/wp\/v2\/media\/235439"}],"wp:attachment":[{"href":"https:\/\/zjarr.tv\/sq\/wp-json\/wp\/v2\/media?parent=235438"}],"wp:term":[{"taxonomy":"category","embeddable":true,"href":"https:\/\/zjarr.tv\/sq\/wp-json\/wp\/v2\/categories?post=235438"},{"taxonomy":"post_tag","embeddable":true,"href":"https:\/\/zjarr.tv\/sq\/wp-json\/wp\/v2\/tags?post=235438"}],"curies":[{"name":"wp","href":"https:\/\/api.w.org\/{rel}","templated":true}]}}