{"id":235471,"date":"2022-02-07T20:37:52","date_gmt":"2022-02-07T19:37:52","guid":{"rendered":"https:\/\/zjarr.tv\/?p=235471"},"modified":"2022-02-07T20:38:27","modified_gmt":"2022-02-07T19:38:27","slug":"berisha-i-bindur-per-zgjedhjet-e-6-marsit-do-te-fitojme-te-6-ta-bashkite-kandidatet-e-lul-braves-dhe-rames-jane-nje","status":"publish","type":"post","link":"https:\/\/zjarr.tv\/sq\/berisha-i-bindur-per-zgjedhjet-e-6-marsit-do-te-fitojme-te-6-ta-bashkite-kandidatet-e-lul-braves-dhe-rames-jane-nje\/","title":{"rendered":"Berisha i BINDUR p\u00ebr zgjedhjet e 6 Marsit: Do t\u00eb fitojm\u00eb t\u00eb 6-ta bashkit\u00eb, kandidat\u00ebt e Lul Brav\u00ebs dhe Ram\u00ebs jan\u00eb \u201cNJ\u00cb\u201d"},"content":{"rendered":"<p>Ish-kryeministri Sali Berisha deklaroi me bindje mbr\u00ebmjen e sotme se koalicioni sht\u00ebpia e liris\u00eb do t\u00eb fitoj\u00eb t\u00eb 6 bashki\u00eb n\u00eb zgjedhjet e 6 marsit. Berisha u shpreh n\u00eb nj\u00eb intervist\u00eb n\u00eb \u201cKlan Tv\u201d se kandidat\u00eb e  Lulzim Bash\u00ebs dhe kryeministrit Edi Rama jan\u00eb \u201cnj\u00eb\u201d.<\/p>\n<p>Sipas tij kryedemokrati Basha \u00ebsht\u00eb deputeti i vet\u00ebm me dosje komb\u00ebtare dhe nd\u00ebrkomb\u00ebtare, p\u00ebr t\u00eb cilat thot\u00eb se i ka mbyllur Rama.  <\/p>\n<p>Berisha: Ne kemi premisat m\u00eb t\u00eb m\u00ebdha p\u00ebr t\u00eb fituar k\u00ebto zgjedhje. Kemi dhe j koalicion q\u00eb \u00ebsht\u00eb premis\u00eb p\u00ebr fitore, ecim n\u00eb k\u00ebto 6 bashki n\u00eb nj\u00eb p\u00ebrpjekje p\u00ebr t\u00eb fituar zemr\u00ebn dhe besimin e qytear\u00ebve.<\/p>\n<p>Shikoj mund\u00ebsi reale n\u00eb 6 bashki p\u00ebr t\u00eb fituar, ku shikoj kandidat\u00ebt e Ram\u00ebs dhe Lul Brav\u00ebs q\u00eb jan\u00eb \u201cnj\u00eb\u201d, por kam bindje se \u00e7do votues e ka t\u00eb qarte se logoja e fitores \u00ebsht\u00eb logoja Sht\u00ebpia e liris\u00eb. Logoja tjet\u00ebr \u00ebsht\u00eb v\u00ebn\u00eb nga Lul Brava n\u00eb sh\u00ebrbim t\u00eb Ram\u00ebs. \u00cbsht\u00eb e shumta her\u00eb q\u00eb PD del n\u00eb koalicion dhe me logo koalicioni. Ne jemi opozit\u00eb e v\u00ebrtet\u00eb.<\/p>\n<p>Rama do t\u00eb b\u00ebj gjith\u00e7ka p\u00ebr t\u00eb mbajtur peng logon, por kjo do t\u00eb jet\u00eb nje p\u00ebrpjekje e d\u00ebshtuar. Pas 6 marsit Lul Brava do t\u00eb arklivohet p\u00ebr aktin historik t\u00eb turpit t\u00eb tij. Mister brava \u00ebsht\u00eb deputeti i vet\u00ebm q\u00eb \u00ebsht\u00eb me dosje komb\u00ebtare dhe nd\u00ebrkomb\u00ebtare q\u00eb nuk do t\u00eb dal dot megjith\u00eb mb\u00ebshtetjen e Ram\u00ebs. Si\u00e7 \u00ebsht\u00eb dosja e Nik Muzine. At\u00eb do t\u00eb hap\u00eb FBI n\u00eb koh\u00ebn e duhur. Ajo dosje u mbyll nga Rama, por nuk mbyllet ajo.<\/p>\n","protected":false},"excerpt":{"rendered":"<p>Ish-kryeministri Sali Berisha deklaroi me bindje mbr\u00ebmjen e sotme se koalicioni sht\u00ebpia e liris\u00eb do t\u00eb fitoj\u00eb t\u00eb 6 bashki\u00eb n\u00eb zgjedhjet e 6 marsit. Berisha u shpreh n\u00eb nj\u00eb intervist\u00eb n\u00eb \u201cKlan Tv\u201d se kandidat\u00eb e Lulzim Bash\u00ebs dhe kryeministrit Edi Rama jan\u00eb \u201cnj\u00eb\u201d. Sipas tij kryedemokrati Basha \u00ebsht\u00eb deputeti i vet\u00ebm me dosje [&hellip;]<\/p>\n","protected":false},"author":2031,"featured_media":235472,"comment_status":"closed","ping_status":"closed","sticky":false,"template":"","format":"standard","meta":{"footnotes":""},"categories":[231],"tags":[],"class_list":{"0":"post-235471","1":"post","2":"type-post","3":"status-publish","4":"format-standard","5":"has-post-thumbnail","7":"category-lajme"},"_links":{"self":[{"href":"https:\/\/zjarr.tv\/sq\/wp-json\/wp\/v2\/posts\/235471","targetHints":{"allow":["GET"]}}],"collection":[{"href":"https:\/\/zjarr.tv\/sq\/wp-json\/wp\/v2\/posts"}],"about":[{"href":"https:\/\/zjarr.tv\/sq\/wp-json\/wp\/v2\/types\/post"}],"author":[{"embeddable":true,"href":"https:\/\/zjarr.tv\/sq\/wp-json\/wp\/v2\/users\/2031"}],"replies":[{"embeddable":true,"href":"https:\/\/zjarr.tv\/sq\/wp-json\/wp\/v2\/comments?post=235471"}],"version-history":[{"count":0,"href":"https:\/\/zjarr.tv\/sq\/wp-json\/wp\/v2\/posts\/235471\/revisions"}],"wp:featuredmedia":[{"embeddable":true,"href":"https:\/\/zjarr.tv\/sq\/wp-json\/wp\/v2\/media\/235472"}],"wp:attachment":[{"href":"https:\/\/zjarr.tv\/sq\/wp-json\/wp\/v2\/media?parent=235471"}],"wp:term":[{"taxonomy":"category","embeddable":true,"href":"https:\/\/zjarr.tv\/sq\/wp-json\/wp\/v2\/categories?post=235471"},{"taxonomy":"post_tag","embeddable":true,"href":"https:\/\/zjarr.tv\/sq\/wp-json\/wp\/v2\/tags?post=235471"}],"curies":[{"name":"wp","href":"https:\/\/api.w.org\/{rel}","templated":true}]}}