{"id":235486,"date":"2022-02-07T22:00:24","date_gmt":"2022-02-07T21:00:24","guid":{"rendered":"https:\/\/zjarr.tv\/?p=235486"},"modified":"2022-02-07T22:00:24","modified_gmt":"2022-02-07T21:00:24","slug":"meta-ska-besim-tek-une-kryemadhi-per-shkarkimin-e-presidentit-gjykata-kushtetuese-eshte-ne-presion-nga-qeveria","status":"publish","type":"post","link":"https:\/\/zjarr.tv\/sq\/meta-ska-besim-tek-une-kryemadhi-per-shkarkimin-e-presidentit-gjykata-kushtetuese-eshte-ne-presion-nga-qeveria\/","title":{"rendered":"\u201cMeta s\u2019ka besim tek un\u00eb\u201d, Kryemadhi p\u00ebr shkarkimin e presidentit: Gjykata Kushtetuese \u00ebsht\u00eb n\u00eb presion nga qeveria"},"content":{"rendered":"<p>Kryetarja e LSI, Monika Kryemadhi deklaroi mbr\u00ebmjen e sotme se \u00e7\u00ebshtja p\u00ebr shkarkimin e presidentit Ilir Meta \u00ebsht\u00eb politike. Sipas saj Gjykata Kushtetuese \u00ebsht\u00eb n\u00eb presionin e qeveris\u00eb, e cila do t\u00eb largoj\u00eb v\u00ebmendje nga shum\u00eb \u00e7\u00ebshtje t\u00eb tjera.<\/p>\n<p>Deputetja e LSI u shpreh n\u00eb nj\u00eb intevist\u00eb n\u00eb \u201cABC News\u201d se Meta ka ambicie politike p\u00ebrtej LSI, nd\u00ebrsa shtoi se ai nuk ka besim politik tek Kryemadhi q\u00eb pas djegjes s\u00eb mandatit.<\/p>\n<p>Kryemadhi: K\u00ebtu \u00e7\u00ebshtja \u00ebsht\u00eb politike dhe GJK \u00ebsht\u00eb n\u00ebn presion, sepse Gjykata Kushtetuese duhet t\u00eb kishte dh\u00ebn\u00eb vendimin e saj q\u00eb me 9 shtator, e shkarkon apo nuk e shkarkon.K\u00ebta duan t\u00eb largojn\u00eb v\u00ebmendjen nga shum\u00eb gj\u00ebra. Ky presion i GJK i vjen nga qeveria. Meta do t\u00eb shikoj\u00eb gjith\u00eb oratorin\u00eb e tij politike, del m\u00eb tej se LSI. Ai nuk e konsumon nj\u00eb gj\u00eb t\u00eb till\u00eb se q\u00eb kur dogja mandatin, besimi im politik tek ai \u00ebsht\u00eb zero.<\/p>\n","protected":false},"excerpt":{"rendered":"<p>Kryetarja e LSI, Monika Kryemadhi deklaroi mbr\u00ebmjen e sotme se \u00e7\u00ebshtja p\u00ebr shkarkimin e presidentit Ilir Meta \u00ebsht\u00eb politike. Sipas saj Gjykata Kushtetuese \u00ebsht\u00eb n\u00eb presionin e qeveris\u00eb, e cila do t\u00eb largoj\u00eb v\u00ebmendje nga shum\u00eb \u00e7\u00ebshtje t\u00eb tjera. Deputetja e LSI u shpreh n\u00eb nj\u00eb intevist\u00eb n\u00eb \u201cABC News\u201d se Meta ka ambicie politike [&hellip;]<\/p>\n","protected":false},"author":2031,"featured_media":235487,"comment_status":"closed","ping_status":"closed","sticky":false,"template":"","format":"standard","meta":{"footnotes":""},"categories":[231],"tags":[],"class_list":{"0":"post-235486","1":"post","2":"type-post","3":"status-publish","4":"format-standard","5":"has-post-thumbnail","7":"category-lajme"},"_links":{"self":[{"href":"https:\/\/zjarr.tv\/sq\/wp-json\/wp\/v2\/posts\/235486","targetHints":{"allow":["GET"]}}],"collection":[{"href":"https:\/\/zjarr.tv\/sq\/wp-json\/wp\/v2\/posts"}],"about":[{"href":"https:\/\/zjarr.tv\/sq\/wp-json\/wp\/v2\/types\/post"}],"author":[{"embeddable":true,"href":"https:\/\/zjarr.tv\/sq\/wp-json\/wp\/v2\/users\/2031"}],"replies":[{"embeddable":true,"href":"https:\/\/zjarr.tv\/sq\/wp-json\/wp\/v2\/comments?post=235486"}],"version-history":[{"count":0,"href":"https:\/\/zjarr.tv\/sq\/wp-json\/wp\/v2\/posts\/235486\/revisions"}],"wp:featuredmedia":[{"embeddable":true,"href":"https:\/\/zjarr.tv\/sq\/wp-json\/wp\/v2\/media\/235487"}],"wp:attachment":[{"href":"https:\/\/zjarr.tv\/sq\/wp-json\/wp\/v2\/media?parent=235486"}],"wp:term":[{"taxonomy":"category","embeddable":true,"href":"https:\/\/zjarr.tv\/sq\/wp-json\/wp\/v2\/categories?post=235486"},{"taxonomy":"post_tag","embeddable":true,"href":"https:\/\/zjarr.tv\/sq\/wp-json\/wp\/v2\/tags?post=235486"}],"curies":[{"name":"wp","href":"https:\/\/api.w.org\/{rel}","templated":true}]}}