{"id":235490,"date":"2022-02-07T22:07:19","date_gmt":"2022-02-07T21:07:19","guid":{"rendered":"https:\/\/zjarr.tv\/?p=235490"},"modified":"2022-02-07T22:07:19","modified_gmt":"2022-02-07T21:07:19","slug":"detyra-e-saimir-tahirit-eshte-te-dale-gjalle-nga-burgu-artan-hoxha-pse-u-vesh-holle-rruges-per-ne-qeli","status":"publish","type":"post","link":"https:\/\/zjarr.tv\/sq\/detyra-e-saimir-tahirit-eshte-te-dale-gjalle-nga-burgu-artan-hoxha-pse-u-vesh-holle-rruges-per-ne-qeli\/","title":{"rendered":"\u201cDetyra e Saimir Tahirit \u00ebsht\u00eb t\u00eb dal\u00eb gjall\u00eb nga burgu\u201d, Artan Hoxha: Pse u vesh \u201choll\u00eb\u201d rrug\u00ebs p\u00ebr n\u00eb qeli"},"content":{"rendered":"<p>Gazetari investigativ, Artan Hoxha ka folur lidhur me burgosjen e ish ministrit t\u00eb Brendsh\u00ebm, Saimir Tahiri dhe mbi ngjarjet e ndodhura gjat\u00eb detyr\u00ebs s\u00eb tij.<\/p>\n<p>Nd\u00ebr t\u00eb tjera Hoxha thot\u00eb se tashm\u00eb q\u00eb ishte brenda qelis\u00eb, STahiri nuk mund t\u00eb fliste p\u00ebr gj\u00ebra q\u00eb nuk i tha gjat\u00eb koh\u00ebs q\u00eb ishte jasht\u00eb dhe shtoi se detyra e tij ishte t\u00eb dilte gjall\u00eb nga qelia ku po monitorohej 24 or\u00eb.<\/p>\n<p>\u201cTahiri mund ta kishte b\u00ebr\u00eb dhe duhet ta kishte b\u00ebr\u00eb k\u00ebt\u00eb gj\u00eb. \u00cbsht\u00eb ministri m\u00eb jet\u00ebgjat\u00eb. Kujtoni ngjarjet q\u00eb kan\u00eb ndodhur n\u00eb detyr\u00ebn e tij. Ka qen\u00eb brenda ai. Sa kulisa dhe luft\u00eb ka pasur edhe brenda koalicionit. Tahiri duhet t\u00eb kishte marr\u00eb masa p\u00ebrpara.<\/p>\n<p>I kishin dh\u00ebn\u00eb garanci q\u00eb nuk do shkonte n\u00eb burg. Tani \u00ebsht\u00eb n\u00eb kontroll 24 or\u00eb. Detyra e tij \u00ebsht\u00eb t\u00eb dal\u00eb gjall\u00eb nga burgu. Nuk mund t\u00eb flas\u00eb nga burgu p\u00ebr gj\u00ebra q\u00eb nuk i foli kur ishte jasht\u00eb. Sot Saimir Tahiri \u00ebsht\u00eb njeri i d\u00ebnuar. Pasi t\u00eb mbijetoj\u00eb n\u00eb burg mund t\u00eb b\u00ebj\u00eb llogarit\u00eb n\u00ebse ia vlen t\u00eb b\u00ebj\u00eb nj\u00eb betej\u00eb apo jo. Tahiri ka prova dhe fakte sensitive por kjo vlente pa shkuar n\u00eb burg. Tahiri nuk e mendonte kurr\u00eb se mund t\u00eb arrestohej\u201d, tha Hoxha.<\/p>\n<p>Duke kujtuar deklarat\u00ebn e avokatit Maks Haxhia, Hoxha tha se Tahiri ishte veshur holl\u00eb nat\u00ebn e arrestimit pasi kishte sigurin\u00eb q\u00eb nuk do p\u00ebrfundonte pas hekurave.<\/p>\n<p>\u201cAvokati tha se politikan\u00ebt duhet t\u00eb vishen trash\u00eb por vet\u00eb Tahiri ishte veshur holl\u00eb pasi nuk e kishte menduar se do shkonte n\u00eb burg. \u00c7\u00ebshtjet teknike jan\u00eb vet\u00ebm p\u00ebr kuriozitetin e njer\u00ebzve. Tahiri \u00ebsht\u00eb qytetar q\u00eb duhet t\u00eb vuaj\u00eb d\u00ebnimin. Me aq sa kam informacion fillimisht u tha se do shkonte n\u00eb burgun e Fierit.<\/p>\n<p>Sot \u00ebsht\u00eb folur p\u00ebr Rrogozhin\u00ebn. Ai do jet\u00eb n\u00eb burg t\u00eb siguris\u00eb s\u00eb zakonshme. Kryesisht aty ka t\u00eb d\u00ebnuar p\u00ebr kanabis. Se ata me drog\u00ebra t\u00eb forta dalin. Ka t\u00eb d\u00ebnuar q\u00eb rrin\u00eb t\u00eb vet\u00ebm. Ajrimin e b\u00ebjn\u00eb vet\u00ebm pa kontakt me t\u00eb d\u00ebnuarit e tjer\u00eb. P\u00ebr rastin e Tahirit do flas\u00eb ministria e Drejt\u00ebsis\u00eb. Tahiri do jet\u00eb n\u00eb nj\u00eb ambient ku mund t\u00eb mos ket\u00eb kontakt me t\u00eb tjer\u00ebt\u201d, deklaroi Artan Hoxha.<\/p>\n","protected":false},"excerpt":{"rendered":"<p>Gazetari investigativ, Artan Hoxha ka folur lidhur me burgosjen e ish ministrit t\u00eb Brendsh\u00ebm, Saimir Tahiri dhe mbi ngjarjet e ndodhura gjat\u00eb detyr\u00ebs s\u00eb tij. Nd\u00ebr t\u00eb tjera Hoxha thot\u00eb se tashm\u00eb q\u00eb ishte brenda qelis\u00eb, STahiri nuk mund t\u00eb fliste p\u00ebr gj\u00ebra q\u00eb nuk i tha gjat\u00eb koh\u00ebs q\u00eb ishte jasht\u00eb dhe shtoi se [&hellip;]<\/p>\n","protected":false},"author":2031,"featured_media":235491,"comment_status":"closed","ping_status":"closed","sticky":false,"template":"","format":"standard","meta":{"footnotes":""},"categories":[231],"tags":[],"class_list":{"0":"post-235490","1":"post","2":"type-post","3":"status-publish","4":"format-standard","5":"has-post-thumbnail","7":"category-lajme"},"_links":{"self":[{"href":"https:\/\/zjarr.tv\/sq\/wp-json\/wp\/v2\/posts\/235490","targetHints":{"allow":["GET"]}}],"collection":[{"href":"https:\/\/zjarr.tv\/sq\/wp-json\/wp\/v2\/posts"}],"about":[{"href":"https:\/\/zjarr.tv\/sq\/wp-json\/wp\/v2\/types\/post"}],"author":[{"embeddable":true,"href":"https:\/\/zjarr.tv\/sq\/wp-json\/wp\/v2\/users\/2031"}],"replies":[{"embeddable":true,"href":"https:\/\/zjarr.tv\/sq\/wp-json\/wp\/v2\/comments?post=235490"}],"version-history":[{"count":0,"href":"https:\/\/zjarr.tv\/sq\/wp-json\/wp\/v2\/posts\/235490\/revisions"}],"wp:featuredmedia":[{"embeddable":true,"href":"https:\/\/zjarr.tv\/sq\/wp-json\/wp\/v2\/media\/235491"}],"wp:attachment":[{"href":"https:\/\/zjarr.tv\/sq\/wp-json\/wp\/v2\/media?parent=235490"}],"wp:term":[{"taxonomy":"category","embeddable":true,"href":"https:\/\/zjarr.tv\/sq\/wp-json\/wp\/v2\/categories?post=235490"},{"taxonomy":"post_tag","embeddable":true,"href":"https:\/\/zjarr.tv\/sq\/wp-json\/wp\/v2\/tags?post=235490"}],"curies":[{"name":"wp","href":"https:\/\/api.w.org\/{rel}","templated":true}]}}